{"id":109248,"date":"2023-05-17T09:19:42","date_gmt":"2023-05-17T12:19:42","guid":{"rendered":"https:\/\/tvtecjundiai.com.br\/news\/?p=109248"},"modified":"2023-05-17T09:19:46","modified_gmt":"2023-05-17T12:19:46","slug":"diagnostico-do-plano-de-desenvolvimento-economico-sera-apresentado-nesta-sexta-19","status":"publish","type":"post","link":"https:\/\/tvtecjundiai.com.br\/news\/2023\/05\/17\/diagnostico-do-plano-de-desenvolvimento-economico-sera-apresentado-nesta-sexta-19\/","title":{"rendered":"Diagn\u00f3stico do Plano de Desenvolvimento Econ\u00f4mico ser\u00e1 apresentado nesta sexta (19)"},"content":{"rendered":"\n<p>A Unidade de Gest\u00e3o de Desenvolvimento Econ\u00f4mico, Ci\u00eancia e Tecnologia (UGDECT) da Prefeitura de Jundia\u00ed apresenta nesta sexta-feira (19), \u00e0s 9h30, o diagn\u00f3stico do Plano Municipal de Desenvolvimento Econ\u00f4mico, Ci\u00eancia e Tecnologia (PDEII). O local escolhido foi o audit\u00f3rio da Faculdade de Medicina de Jundia\u00ed (FMJ).<\/p>\n\n\n\n<p>Participam da apresenta\u00e7\u00e3o os servidores p\u00fablicos que integram o comit\u00ea gestor do plano, professores da FESP (Funda\u00e7\u00e3o Escola de Sociologia e Pol\u00edtica) de S\u00e3o Paulo, que d\u00e1 suporte \u00e0 produ\u00e7\u00e3o do PDEII, e pessoas de diferentes grupos da sociedade j\u00e1 ouvidas nas 14 oficinas realizadas at\u00e9 o momento.<\/p>\n\n\n\n<p>A popula\u00e7\u00e3o tamb\u00e9m poder\u00e1 participar. \u201cJ\u00e1 temos uma base qualificada, bem constru\u00edda e com resultados recentes, como a 15\u00aa posi\u00e7\u00e3o de maior economia do Brasil e quinta melhor do Estado de S\u00e3o Paulo. Uma das nossas prioridades \u00e9 o est\u00edmulo \u00e0 cultura empreendedora, mas \u00e9 preciso buscar esse desenvolvimento sem perder a qualidade de vida. Temos de potencializar o que tem sido feito na cidade\u201d, destacou o prefeito Luiz Fernando Machado.<\/p>\n\n\n\n<figure class=\"wp-block-image\"><img decoding=\"async\" src=\"https:\/\/jundiai.sp.gov.br\/noticias\/wp-content\/uploads\/sites\/32\/2023\/05\/img-7768-1280x960.jpg\" alt=\"IMAGEM COLORIDA MOSTRA O GESTOR DE DESENVOLVIMENTO ECON\u00d4MICO, CI\u00caENCIA E TECNOLOGIA, CRISTIANO LOPES, BEM NO CENTRO DA FOTO. ELE EST\u00c1 EM P\u00c9, DE CAMISA ROSA, E CONVERSA COM MULHERES EMPREENDEDORAS\" class=\"wp-image-317364\" \/><figcaption class=\"wp-element-caption\">Oficinas do plano realizadas com representantes do setor econ\u00f4mico reuniram mais de 300 pessoas<\/figcaption><\/figure>\n\n\n\n<p>O gestor de Governo e Finan\u00e7as, Jos\u00e9 Antonio Parimoschi, destacou a preocupa\u00e7\u00e3o do poder p\u00fablico com a sustentabilidade. \u201cN\u00f3s queremos esticar a vis\u00e3o de longo prazo e construir um plano de a\u00e7\u00e3o que avance para o futuro, que possibilite \u00e0 cidade continuar crescendo, de forma sustent\u00e1vel, com qualidade de vida e com est\u00edmulos para a forma\u00e7\u00e3o adequada do nosso capital intelectual e humano. Portanto, \u00e9 necess\u00e1rio ouvir os setores da economia local para que o diagn\u00f3stico seja o melhor poss\u00edvel\u201d, ressaltou.<\/p>\n\n\n\n<p><strong>Potencialidades<\/strong><\/p>\n\n\n\n<p>A produ\u00e7\u00e3o do PDEII teve in\u00edcio dia 18 de janeiro, quando foi apresentado o plano de trabalho. De l\u00e1 para c\u00e1, j\u00e1 foram ouvidas mais de 300 pessoas de diferentes grupos da cidade, conforme explicou o gestor de Desenvolvimento Econ\u00f4mico, Ci\u00eancia e Tecnologia, Cristiano Lopes.<\/p>\n\n\n\n<figure class=\"wp-block-image\"><img decoding=\"async\" src=\"https:\/\/jundiai.sp.gov.br\/noticias\/wp-content\/uploads\/sites\/32\/2023\/05\/img-7767-1280x960.jpg\" alt=\"FOTO COLORIDA MOSTRA UM GRUPO DE EMPREENDEDORES, FORMADO POR HOMENS E MULHERES, DURANTE UMA DAS OFICINAS DO PLANO. ELES EST\u00c3O EM P\u00c9, NO AUDIT\u00d3RIO DA UNIDAM (UNIDADE DE DESENVOLVIMENTO AMBIENTAL) DA PREFEITURA\" class=\"wp-image-317365\" \/><figcaption class=\"wp-element-caption\">Empreendedores fizeram parte dos muitos grupos ouvidos para a produ\u00e7\u00e3o do diagn\u00f3stico<\/figcaption><\/figure>\n\n\n\n<p>\u201cChegamos \u00e0 20\u00aa semana de trabalho, que tem um cronograma total de 36 semanas. Essa apresenta\u00e7\u00e3o marca a conclus\u00e3o da fase dois do plano, que \u00e9 a de montagem do diagn\u00f3stico. Essa an\u00e1lise foi feita a partir de dados prim\u00e1rios e secund\u00e1rios sobre o perfil do munic\u00edpio, em termos econ\u00f4micos, sociais e ambientais. \u00c9 um levantamento amplo, importante e democr\u00e1tico, que re\u00fane elementos para desenhar o PDEII\u201d.<\/p>\n\n\n\n<p>Para Paulo Silvino Ribeiro, mestre e doutor em Sociologia da FESP, a fase de diagn\u00f3stico \u00e9 uma das mais importantes. \u201cS\u00e3o elementos que v\u00e3o nos ajudar a pensar na base estrat\u00e9gica. N\u00e3o \u00e9 poss\u00edvel fazer um plano sem conhecer essas caracter\u00edsticas gerais da cidade, sobretudo em rela\u00e7\u00e3o \u00e0s potencialidades e oportunidades que o munic\u00edpio oferece para a economia e tamb\u00e9m nas quest\u00f5es sociais\u201d.<\/p>\n\n\n\n<p>O audit\u00f3rio da Faculdade de Medicina de Jundia\u00ed fica na rua Francisco Teles, 250, Vila Arens.<\/p>\n\n\n\n<p><\/p>\n\n\n\n<p>Fonte \/ Imagem: Prefeitura de Jundia\u00ed <\/p>\n","protected":false},"excerpt":{"rendered":"<p>Oficinas do plano realizadas com representantes do setor econ\u00f4mico reuniram mais de 300 pessoas<\/p>\n","protected":false},"author":24,"featured_media":109250,"comment_status":"closed","ping_status":"0","sticky":false,"template":"","format":"standard","meta":{"footnotes":""},"categories":[1],"tags":[],"class_list":["post-109248","post","type-post","status-publish","format-standard","has-post-thumbnail","hentry","category-noticias"],"_links":{"self":[{"href":"https:\/\/tvtecjundiai.com.br\/news\/wp-json\/wp\/v2\/posts\/109248","targetHints":{"allow":["GET"]}}],"collection":[{"href":"https:\/\/tvtecjundiai.com.br\/news\/wp-json\/wp\/v2\/posts"}],"about":[{"href":"https:\/\/tvtecjundiai.com.br\/news\/wp-json\/wp\/v2\/types\/post"}],"author":[{"embeddable":true,"href":"https:\/\/tvtecjundiai.com.br\/news\/wp-json\/wp\/v2\/users\/24"}],"replies":[{"embeddable":true,"href":"https:\/\/tvtecjundiai.com.br\/news\/wp-json\/wp\/v2\/comments?post=109248"}],"version-history":[{"count":1,"href":"https:\/\/tvtecjundiai.com.br\/news\/wp-json\/wp\/v2\/posts\/109248\/revisions"}],"predecessor-version":[{"id":109251,"href":"https:\/\/tvtecjundiai.com.br\/news\/wp-json\/wp\/v2\/posts\/109248\/revisions\/109251"}],"wp:featuredmedia":[{"embeddable":true,"href":"https:\/\/tvtecjundiai.com.br\/news\/wp-json\/wp\/v2\/media\/109250"}],"wp:attachment":[{"href":"https:\/\/tvtecjundiai.com.br\/news\/wp-json\/wp\/v2\/media?parent=109248"}],"wp:term":[{"taxonomy":"category","embeddable":true,"href":"https:\/\/tvtecjundiai.com.br\/news\/wp-json\/wp\/v2\/categories?post=109248"},{"taxonomy":"post_tag","embeddable":true,"href":"https:\/\/tvtecjundiai.com.br\/news\/wp-json\/wp\/v2\/tags?post=109248"}],"curies":[{"name":"wp","href":"https:\/\/api.w.org\/{rel}","templated":true}]}}