{"id":109249,"date":"2023-05-17T09:22:18","date_gmt":"2023-05-17T12:22:18","guid":{"rendered":"https:\/\/tvtecjundiai.com.br\/news\/?p=109249"},"modified":"2023-05-17T11:05:59","modified_gmt":"2023-05-17T14:05:59","slug":"fazenda-grande-revitalizacao-de-quadras-de-esportes-avanca","status":"publish","type":"post","link":"https:\/\/tvtecjundiai.com.br\/news\/2023\/05\/17\/fazenda-grande-revitalizacao-de-quadras-de-esportes-avanca\/","title":{"rendered":"Fazenda Grande: revitaliza\u00e7\u00e3o de quadras de esportes avan\u00e7a"},"content":{"rendered":"\n<p>As obras de revitaliza\u00e7\u00e3o das quadras de esporte do bairro Fazenda Grande, localizada na rua Fioravante Leonardi, chegaram a 62% de execu\u00e7\u00e3o. Ap\u00f3s a concretagem do espa\u00e7o finalizada, os moradores est\u00e3o pr\u00f3ximos de ganhar mais uma \u00e1rea de lazer completa. Os investimentos para a obra est\u00e3o na casa dos R$ 645 mil.<\/p>\n\n\n\n<p>A aposentada Nair M\u00e1ximo de Lima, de 75 anos, mora em frente \u00e0s quadras n\u00e3o esconde a ansiedade para voltar a utilizar o espa\u00e7o. \u201cA gente sempre praticou esportes, andou de bicicleta e cuidou do local. Acompanho diariamente a obra e est\u00e1 ficando tudo muito lindo. N\u00e3o vejo a hora de voltar a fazer meus exerc\u00edcios\u201d, afirma.<\/p>\n\n\n\n<figure class=\"wp-block-image\"><img decoding=\"async\" src=\"https:\/\/jundiai.sp.gov.br\/noticias\/wp-content\/uploads\/sites\/32\/2023\/05\/obras-de-revitalizacao-de-quadra-de-esportes-fazenda-grande_fm_-13-3-1280x854.jpg\" alt=\"\" class=\"wp-image-317358\" \/><figcaption class=\"wp-element-caption\">         Nair revela estar ansiosa para retomar os exerc\u00edcios f\u00edsicos quando as quadras ficarem prontas<\/figcaption><\/figure>\n\n\n\n<p>A pr\u00f3xima etapa a ser realizada \u00e9 a instala\u00e7\u00e3o dos alambrados em ambas as quadras, al\u00e9m de poste para rede de voleibol, traves para a pr\u00e1tica de futebol de sal\u00e3o e tabela de basquete. No entorno ser\u00e1 feito o plantio do gramado e a constru\u00e7\u00e3o de escadas, rampas de acesso e a coloca\u00e7\u00e3o de piso t\u00e1til. As quadras t\u00eam tamanhos de aproximadamente 700 m\u00b2 e a previs\u00e3o de entrega \u00e9 no final do m\u00eas de junho.<\/p>\n\n\n\n<p>\u201cEspa\u00e7os de lazer e fomento \u00e0 pr\u00e1tica de esportes trazem benef\u00edcios \u00e0 sa\u00fade, al\u00e9m de valorizar a regi\u00e3o e seus im\u00f3veis. Jundia\u00ed tem feito investimentos em todas as regi\u00f5es para oferecer espa\u00e7os qualificados para que a popula\u00e7\u00e3o possa ter mais qualidade de vida\u201d, comenta o Gestor de Infraestrutura e Servi\u00e7os P\u00fablicos, Adilson Rosa.<\/p>\n\n\n\n<p><\/p>\n\n\n\n<figure class=\"wp-block-image\"><a href=\"https:\/\/jundiai.sp.gov.br\/noticias\/wp-content\/uploads\/sites\/32\/2023\/05\/quadra_fazenda-grande_m_-21.jpg\"><img decoding=\"async\" src=\"https:\/\/jundiai.sp.gov.br\/noticias\/wp-content\/uploads\/sites\/32\/2023\/05\/quadra_fazenda-grande_m_-21-1280x854.jpg\" alt=\"\" class=\"wp-image-317345\" \/><\/a><figcaption class=\"wp-element-caption\">Obras de revitaliza\u00e7\u00e3o avan\u00e7am<\/figcaption><\/figure>\n\n\n\n<figure class=\"wp-block-image size-large\"><img loading=\"lazy\" decoding=\"async\" width=\"1200\" height=\"801\" src=\"https:\/\/tvtecjundiai.com.br\/news\/wp-content\/uploads\/sites\/2\/2023\/05\/image-2-1200x801.png\" alt=\"\" class=\"wp-image-109260\" srcset=\"https:\/\/tvtecjundiai.com.br\/news\/wp-content\/uploads\/sites\/2\/2023\/05\/image-2-1200x801.png 1200w, https:\/\/tvtecjundiai.com.br\/news\/wp-content\/uploads\/sites\/2\/2023\/05\/image-2-300x200.png 300w, https:\/\/tvtecjundiai.com.br\/news\/wp-content\/uploads\/sites\/2\/2023\/05\/image-2-768x512.png 768w, https:\/\/tvtecjundiai.com.br\/news\/wp-content\/uploads\/sites\/2\/2023\/05\/image-2.png 1280w\" sizes=\"auto, (max-width: 1200px) 100vw, 1200px\" \/><\/figure>\n\n\n\n<p>Fonte \/ Imagem: Prefeitura de Jundia\u00ed <\/p>\n","protected":false},"excerpt":{"rendered":"<p>As obras de revitaliza\u00e7\u00e3o das quadras chegaram a 62% de execu\u00e7\u00e3o<\/p>\n","protected":false},"author":24,"featured_media":109252,"comment_status":"closed","ping_status":"0","sticky":false,"template":"","format":"standard","meta":{"footnotes":""},"categories":[8356,8354,1],"tags":[],"class_list":["post-109249","post","type-post","status-publish","format-standard","has-post-thumbnail","hentry","category-jundiai","category-lazer","category-noticias"],"_links":{"self":[{"href":"https:\/\/tvtecjundiai.com.br\/news\/wp-json\/wp\/v2\/posts\/109249","targetHints":{"allow":["GET"]}}],"collection":[{"href":"https:\/\/tvtecjundiai.com.br\/news\/wp-json\/wp\/v2\/posts"}],"about":[{"href":"https:\/\/tvtecjundiai.com.br\/news\/wp-json\/wp\/v2\/types\/post"}],"author":[{"embeddable":true,"href":"https:\/\/tvtecjundiai.com.br\/news\/wp-json\/wp\/v2\/users\/24"}],"replies":[{"embeddable":true,"href":"https:\/\/tvtecjundiai.com.br\/news\/wp-json\/wp\/v2\/comments?post=109249"}],"version-history":[{"count":2,"href":"https:\/\/tvtecjundiai.com.br\/news\/wp-json\/wp\/v2\/posts\/109249\/revisions"}],"predecessor-version":[{"id":109261,"href":"https:\/\/tvtecjundiai.com.br\/news\/wp-json\/wp\/v2\/posts\/109249\/revisions\/109261"}],"wp:featuredmedia":[{"embeddable":true,"href":"https:\/\/tvtecjundiai.com.br\/news\/wp-json\/wp\/v2\/media\/109252"}],"wp:attachment":[{"href":"https:\/\/tvtecjundiai.com.br\/news\/wp-json\/wp\/v2\/media?parent=109249"}],"wp:term":[{"taxonomy":"category","embeddable":true,"href":"https:\/\/tvtecjundiai.com.br\/news\/wp-json\/wp\/v2\/categories?post=109249"},{"taxonomy":"post_tag","embeddable":true,"href":"https:\/\/tvtecjundiai.com.br\/news\/wp-json\/wp\/v2\/tags?post=109249"}],"curies":[{"name":"wp","href":"https:\/\/api.w.org\/{rel}","templated":true}]}}