{"id":10926,"date":"2018-05-23T17:18:06","date_gmt":"2018-05-23T20:18:06","guid":{"rendered":"https:\/\/tvtecjundiai.com.br\/news\/?p=10926"},"modified":"2018-05-23T17:18:06","modified_gmt":"2018-05-23T20:18:06","slug":"procon-jundiai-promove-caminhada-no-dia-do-desafio","status":"publish","type":"post","link":"https:\/\/tvtecjundiai.com.br\/news\/2018\/05\/23\/procon-jundiai-promove-caminhada-no-dia-do-desafio\/","title":{"rendered":"Procon Jundia\u00ed promove Caminhada no Dia do Desafio"},"content":{"rendered":"<div id=\"attachment_10927\" style=\"width: 460px\" class=\"wp-caption alignleft\"><a href=\"https:\/\/tvtecjundiai.com.br\/news\/wp-content\/uploads\/sites\/2\/2018\/05\/procon-151-1.jpg\"><img loading=\"lazy\" decoding=\"async\" aria-describedby=\"caption-attachment-10927\" class=\"wp-image-10927\" src=\"https:\/\/tvtecjundiai.com.br\/news\/wp-content\/uploads\/sites\/2\/2018\/05\/procon-151-1-300x200.jpg\" alt=\"\" width=\"450\" height=\"300\" srcset=\"https:\/\/tvtecjundiai.com.br\/news\/wp-content\/uploads\/sites\/2\/2018\/05\/procon-151-1-300x200.jpg 300w, https:\/\/tvtecjundiai.com.br\/news\/wp-content\/uploads\/sites\/2\/2018\/05\/procon-151-1-768x512.jpg 768w, https:\/\/tvtecjundiai.com.br\/news\/wp-content\/uploads\/sites\/2\/2018\/05\/procon-151-1-1200x800.jpg 1200w, https:\/\/tvtecjundiai.com.br\/news\/wp-content\/uploads\/sites\/2\/2018\/05\/procon-151-1.jpg 1280w\" sizes=\"auto, (max-width: 450px) 100vw, 450px\" \/><\/a><p id=\"caption-attachment-10927\" class=\"wp-caption-text\">Unir a Caminhada e o Dia do Desafio \u00e9 uma iniciativa que visa chamar a aten\u00e7\u00e3o para a import\u00e2ncia do cuidado com a sa\u00fade e preserva\u00e7\u00e3o da garantia dos direitos dos consumidores<\/p><\/div>\n<p>Em parceria com a Unidade de Gest\u00e3o de Esportes e Laser (UGEL), com a ESEF (Escola Superior de Educa\u00e7\u00e3o F\u00edsica) e com o SENAC, o Procon Jundia\u00ed promove este ano a sua tradicional Caminhada no Dia do Desafio, na pr\u00f3xima quarta-feira (30). A sexta edi\u00e7\u00e3o do evento, que atende \u00e0 uma exig\u00eancia legal, ser\u00e1 no Centro Esportivo Dr. Nicolino de Luca, o Bol\u00e3o, a partir das 7h30.<\/p>\n<p>A coordenadora do Procon, Gabriela Glinternik, explica que o objetivo \u00e9 promover um grande encontro e incentivar a popula\u00e7\u00e3o para a pr\u00e1tica de atividades f\u00edsicas, a fim de contribuir para melhorar a sa\u00fade f\u00edsica e tamb\u00e9m a mental. \u201cA Pol\u00edtica Nacional das Rela\u00e7\u00f5es de Consumo tem, entre seus objetivos, o respeito \u00e0 sa\u00fade e a melhoria da qualidade de vida\u201d, comenta.<\/p>\n<p>A coordenadora acrescenta que unir estes dois eventos \u2013 Caminhada e Dia do Desafio \u2013 \u00e9 uma iniciativa da Prefeitura de Jundia\u00ed que visa chamar a aten\u00e7\u00e3o da popula\u00e7\u00e3o para a import\u00e2ncia do cuidado com a sa\u00fade e preserva\u00e7\u00e3o da garantia dos direitos dos consumidores. \u201cA participa\u00e7\u00e3o do PEAMA \u00e9 uma novidade deste ano, com o objetivo de propiciar um alerta ao direito fundamental \u00e0 acessibilidade, al\u00e9m de ressaltar que \u00e9 poss\u00edvel e importante que todos pratiquem atividade f\u00edsica\u201d, destaca Gabriela.<\/p>\n<p>Para incentivar a participa\u00e7\u00e3o, a UGEL disponibilizar\u00e1 aos participantes um ped\u00f4metro, um equipamento digital que calcula o n\u00famero de passos dados. A Caminhada do Procon faz parte do calend\u00e1rio oficial do munic\u00edpio, conforme determina a Lei 8916, de 07de mar\u00e7o de 2018. O evento \u00e9 aberto \u00e0 popula\u00e7\u00e3o.<\/p>\n<p>Depois da Caminhada, que come\u00e7a \u00e0s 7h30, a unidade do Procon M\u00f3vel realizar\u00e1 atendimento no local em dois hor\u00e1rios, das 8h30 \u00e0s 11h30 e das 17h \u00e0s 20h. Quem quiser pode tamb\u00e9m contribuir com a Campanha do Agasalho, do Fundo Social de Solidariedade de Jundia\u00ed. Mais informa\u00e7\u00f5es tamb\u00e9m no site do Procon (https:\/\/procon.jundiai.sp.gov.br).<\/p>\n<p><em>Fonte: Prefeitura de Jundia\u00ed<\/em><\/p>\n","protected":false},"excerpt":{"rendered":"<p>Sexta edi\u00e7\u00e3o do evento ser\u00e1 no Bol\u00e3o, a partir das 7h30<\/p>\n","protected":false},"author":10,"featured_media":10927,"comment_status":"closed","ping_status":"closed","sticky":false,"template":"","format":"standard","meta":{"footnotes":""},"categories":[2834,2839],"tags":[3265,3045,5,191,15],"class_list":["post-10926","post","type-post","status-publish","format-standard","has-post-thumbnail","hentry","category-cidades","category-saude","tag-caminhada-do-procon","tag-dia-do-desafio","tag-jundiai","tag-procon","tag-tvtec"],"_links":{"self":[{"href":"https:\/\/tvtecjundiai.com.br\/news\/wp-json\/wp\/v2\/posts\/10926","targetHints":{"allow":["GET"]}}],"collection":[{"href":"https:\/\/tvtecjundiai.com.br\/news\/wp-json\/wp\/v2\/posts"}],"about":[{"href":"https:\/\/tvtecjundiai.com.br\/news\/wp-json\/wp\/v2\/types\/post"}],"author":[{"embeddable":true,"href":"https:\/\/tvtecjundiai.com.br\/news\/wp-json\/wp\/v2\/users\/10"}],"replies":[{"embeddable":true,"href":"https:\/\/tvtecjundiai.com.br\/news\/wp-json\/wp\/v2\/comments?post=10926"}],"version-history":[{"count":1,"href":"https:\/\/tvtecjundiai.com.br\/news\/wp-json\/wp\/v2\/posts\/10926\/revisions"}],"predecessor-version":[{"id":10928,"href":"https:\/\/tvtecjundiai.com.br\/news\/wp-json\/wp\/v2\/posts\/10926\/revisions\/10928"}],"wp:featuredmedia":[{"embeddable":true,"href":"https:\/\/tvtecjundiai.com.br\/news\/wp-json\/wp\/v2\/media\/10927"}],"wp:attachment":[{"href":"https:\/\/tvtecjundiai.com.br\/news\/wp-json\/wp\/v2\/media?parent=10926"}],"wp:term":[{"taxonomy":"category","embeddable":true,"href":"https:\/\/tvtecjundiai.com.br\/news\/wp-json\/wp\/v2\/categories?post=10926"},{"taxonomy":"post_tag","embeddable":true,"href":"https:\/\/tvtecjundiai.com.br\/news\/wp-json\/wp\/v2\/tags?post=10926"}],"curies":[{"name":"wp","href":"https:\/\/api.w.org\/{rel}","templated":true}]}}