{"id":109262,"date":"2023-05-17T10:05:03","date_gmt":"2023-05-17T13:05:03","guid":{"rendered":"https:\/\/tvtecjundiai.com.br\/news\/?p=109262"},"modified":"2023-05-17T10:05:04","modified_gmt":"2023-05-17T13:05:04","slug":"comeca-nesta-quarta-feira-17-o-4-festival-de-curtas-metragens-de-jundiai","status":"publish","type":"post","link":"https:\/\/tvtecjundiai.com.br\/news\/2023\/05\/17\/comeca-nesta-quarta-feira-17-o-4-festival-de-curtas-metragens-de-jundiai\/","title":{"rendered":"Come\u00e7a nesta quarta-feira (17) o 4\u00b0 Festival de Curtas-Metragens de Jundia\u00ed"},"content":{"rendered":"\n<p>Realizado pela Unidade de Gest\u00e3o de Cultura (UGC), o 4\u00b0 Festival de Curtas-Metragens de Jundia\u00ed conta com apoio da C\u00e2mara Setorial do Audiovisual e Cultura Digital do Conselho Municipal de Pol\u00edtica Cultural (CMPC) e com o patroc\u00ednio do Moviecom Cinemas. Foram inscritos 86 trabalhos de 32 munic\u00edpios e de 12 estados brasileiros.<\/p>\n\n\n\n<p>Nestes dois primeiros dias, ser\u00e3o exibidos na Biblioteca Municipal curtas-metragens convidados, viabilizados por meio do Programa de A\u00e7\u00e3o Cultural (ProAC), da Secretaria Estadual de Cultura e Economia Criativa. S\u00e3o eles: \u201cEpifanias do Fim do Mundo\u201d, nesta quarta-feira (17), e \u201cCaf\u00e9 \u2013 um dedo de prosa\u201d, na quinta-feira (19). Ambos come\u00e7am \u00e0s 19h e, na sequ\u00eancia, contar\u00e3o com bate-papo do p\u00fablico com a equipe de produ\u00e7\u00e3o dos filmes.<\/p>\n\n\n<div class=\"wp-block-image\">\n<figure class=\"aligncenter size-large is-resized\"><img loading=\"lazy\" decoding=\"async\" src=\"https:\/\/tvtecjundiai.com.br\/news\/wp-content\/uploads\/sites\/2\/2023\/05\/abertura-mostra-competitiva-festival-cuta-metragem-128-1200x801.jpg\" alt=\"\" class=\"wp-image-109263\" width=\"694\" height=\"462\" srcset=\"https:\/\/tvtecjundiai.com.br\/news\/wp-content\/uploads\/sites\/2\/2023\/05\/abertura-mostra-competitiva-festival-cuta-metragem-128-1200x801.jpg 1200w, https:\/\/tvtecjundiai.com.br\/news\/wp-content\/uploads\/sites\/2\/2023\/05\/abertura-mostra-competitiva-festival-cuta-metragem-128-300x200.jpg 300w, https:\/\/tvtecjundiai.com.br\/news\/wp-content\/uploads\/sites\/2\/2023\/05\/abertura-mostra-competitiva-festival-cuta-metragem-128-768x512.jpg 768w, https:\/\/tvtecjundiai.com.br\/news\/wp-content\/uploads\/sites\/2\/2023\/05\/abertura-mostra-competitiva-festival-cuta-metragem-128.jpg 1280w\" sizes=\"auto, (max-width: 694px) 100vw, 694px\" \/><\/figure>\n<\/div>\n\n\n<p><\/p>\n\n\n\n<p>Pela\u00a0<a rel=\"noreferrer noopener\" href=\"https:\/\/cultura.jundiai.sp.gov.br\/festivaldecurtas\/mostra-competitiva\/\" target=\"_blank\">Mostra Competitiva<\/a> ser\u00e3o exibidos 24 curtas-metragens selecionados de Jundia\u00ed e outros munic\u00edpios paulistas, al\u00e9m de estados como Minas Gerais, Santa Catarina, Rio de Janeiro, Rio Grande do Norte e Rio Grande do Sul. As sess\u00f5es programadas ser\u00e3o no Moviecom Cinemas, cada uma com seis filmes. Elas ser\u00e3o na sexta-feira (19), \u00e0s 19h, na sala 7; no s\u00e1bado (20), \u00e0s 11h e \u00e0s 17h40, na sala 1; e no domingo (21), \u00e0s 11h, tamb\u00e9m na sala 1.<\/p>\n\n\n\n<p>Tamb\u00e9m no domingo (21), \u00e0s 18h, ser\u00e1 realizada a Cerim\u00f4nia de Premia\u00e7\u00e3o e entrega de Trof\u00e9us na Biblioteca Municipal.<\/p>\n\n\n\n<p>J\u00e1 pela\u00a0<a rel=\"noreferrer noopener\" href=\"https:\/\/cultura.jundiai.sp.gov.br\/festivaldecurtas\/mostra-paralela\/\" target=\"_blank\">Mostra Paralela<\/a> ser\u00e3o exibidos oito curtas-metragens selecionados de Jundia\u00ed e outros munic\u00edpios paulistas (capital, Bragan\u00e7a Paulista e Mococa), al\u00e9m de Fortaleza (CE). Os trabalhos ser\u00e3o exibidos pelos canais da Cultura no Facebook e YouTube ao longo da semana.<\/p>\n\n\n\n<p>A programa\u00e7\u00e3o conta ainda com um workshop de Dire\u00e7\u00e3o de Arte no Audiovisual, com M\u00f4nica Palazzo, que ser\u00e1 realizado na Biblioteca Municipal Prof. Nelson Foot, no s\u00e1bado (20) e domingo (21). Para a atividade, h\u00e1 20 vagas gratuitas,\u00a0<a rel=\"noreferrer noopener\" href=\"https:\/\/cultura.jundiai.sp.gov.br\/festivaldecurtas\/workshops\/\" target=\"_blank\">preenchidas por ordem de chegada por meio de formul\u00e1rio on-line<\/a>.<\/p>\n\n\n\n<p><strong>Mais programa\u00e7\u00e3o<\/strong><br>Al\u00e9m das exibi\u00e7\u00f5es da Mostra Competitiva entre os dias 19 e 21, o Festival contar\u00e1 ainda com uma sess\u00e3o extra no domingo (28), \u00e0s 11h, na sala 1 do Moviecom.<\/p>\n\n\n\n<p>A Biblioteca Municipal fica na avenida Dr. Cavalcanti, 396, no Complexo Argos, Vila Arens. J\u00e1 o Maxi Shopping est\u00e1 localizado na avenida Antonio Frederico Ozanam, 6000, na Vila Rio Branco.<\/p>\n\n\n\n<p><a rel=\"noreferrer noopener\" href=\"https:\/\/cultura.jundiai.sp.gov.br\/festivaldecurtas\/\" target=\"_blank\">Os detalhes da programa\u00e7\u00e3o podem ser conferidos no site do festival<\/a>.<\/p>\n\n\n\n<p><em><strong>(Fonte\/Imagem: Prefeitura de Jundia\u00ed)<\/strong><\/em><\/p>\n","protected":false},"excerpt":{"rendered":"<p>Foram inscritos 86 trabalhos de 32 munic\u00edpios e de 12 estados brasileiros<\/p>\n","protected":false},"author":30,"featured_media":109263,"comment_status":"closed","ping_status":"0","sticky":false,"template":"","format":"standard","meta":{"footnotes":""},"categories":[2833,8356,8354,1],"tags":[],"class_list":["post-109262","post","type-post","status-publish","format-standard","has-post-thumbnail","hentry","category-cultura","category-jundiai","category-lazer","category-noticias"],"_links":{"self":[{"href":"https:\/\/tvtecjundiai.com.br\/news\/wp-json\/wp\/v2\/posts\/109262","targetHints":{"allow":["GET"]}}],"collection":[{"href":"https:\/\/tvtecjundiai.com.br\/news\/wp-json\/wp\/v2\/posts"}],"about":[{"href":"https:\/\/tvtecjundiai.com.br\/news\/wp-json\/wp\/v2\/types\/post"}],"author":[{"embeddable":true,"href":"https:\/\/tvtecjundiai.com.br\/news\/wp-json\/wp\/v2\/users\/30"}],"replies":[{"embeddable":true,"href":"https:\/\/tvtecjundiai.com.br\/news\/wp-json\/wp\/v2\/comments?post=109262"}],"version-history":[{"count":1,"href":"https:\/\/tvtecjundiai.com.br\/news\/wp-json\/wp\/v2\/posts\/109262\/revisions"}],"predecessor-version":[{"id":109264,"href":"https:\/\/tvtecjundiai.com.br\/news\/wp-json\/wp\/v2\/posts\/109262\/revisions\/109264"}],"wp:featuredmedia":[{"embeddable":true,"href":"https:\/\/tvtecjundiai.com.br\/news\/wp-json\/wp\/v2\/media\/109263"}],"wp:attachment":[{"href":"https:\/\/tvtecjundiai.com.br\/news\/wp-json\/wp\/v2\/media?parent=109262"}],"wp:term":[{"taxonomy":"category","embeddable":true,"href":"https:\/\/tvtecjundiai.com.br\/news\/wp-json\/wp\/v2\/categories?post=109262"},{"taxonomy":"post_tag","embeddable":true,"href":"https:\/\/tvtecjundiai.com.br\/news\/wp-json\/wp\/v2\/tags?post=109262"}],"curies":[{"name":"wp","href":"https:\/\/api.w.org\/{rel}","templated":true}]}}