{"id":109266,"date":"2023-05-17T10:48:44","date_gmt":"2023-05-17T13:48:44","guid":{"rendered":"https:\/\/tvtecjundiai.com.br\/news\/?p=109266"},"modified":"2023-05-17T10:48:45","modified_gmt":"2023-05-17T13:48:45","slug":"varejista-lojas-torra-esta-com-vagas-de-emprego-abertas-em-jundiai","status":"publish","type":"post","link":"https:\/\/tvtecjundiai.com.br\/news\/2023\/05\/17\/varejista-lojas-torra-esta-com-vagas-de-emprego-abertas-em-jundiai\/","title":{"rendered":"Varejista Lojas Torra est\u00e1 com vagas de emprego abertas em Jundia\u00ed"},"content":{"rendered":"\n<p>A rede varejista de moda Lojas Torra, que conta com mais de 60 lojas, em 12 estados, est\u00e1 com vagas de emprego abertas em Jundia\u00ed. As oportunidades s\u00e3o para trabalhar como fiscal de loja, promotor de vendas e l\u00edder de cart\u00e3o. O contrato \u00e9 de 44 horas semanais, de segunda a s\u00e1bado.<\/p>\n\n\n\n<p>Os candidatos interessados podem se inscrever pelo\u00a0site <a href=\"https:\/\/lojastorra.gupy.io\/\">https:\/\/lojastorra.gupy.io\/<\/a>, basta buscar por Jundia\u00ed no campo &#8220;Locais de trabalho&#8221;. A unidade da Lojas Torra fica na rua Bar\u00e3o de Jundia\u00ed, 890, Centro. O telefone para contato \u00e9 (11) 4497-8400.<\/p>\n\n\n<div class=\"wp-block-image\">\n<figure class=\"aligncenter size-full is-resized\"><img decoding=\"async\" src=\"https:\/\/tvtecjundiai.com.br\/news\/wp-content\/uploads\/sites\/2\/2023\/05\/loja-torra-edited.jpg\" alt=\"\" class=\"wp-image-109268\" width=\"670\" srcset=\"https:\/\/tvtecjundiai.com.br\/news\/wp-content\/uploads\/sites\/2\/2023\/05\/loja-torra-edited.jpg 895w, https:\/\/tvtecjundiai.com.br\/news\/wp-content\/uploads\/sites\/2\/2023\/05\/loja-torra-edited-300x200.jpg 300w, https:\/\/tvtecjundiai.com.br\/news\/wp-content\/uploads\/sites\/2\/2023\/05\/loja-torra-edited-768x512.jpg 768w\" sizes=\"(max-width: 895px) 100vw, 895px\" \/><\/figure>\n<\/div>\n\n\n<p><\/p>\n\n\n\n<p><strong>OPORTUNIDADES<\/strong><\/p>\n\n\n\n<p><strong>Fiscal de loja<\/strong> <\/p>\n\n\n\n<p><em>Requisitos:<\/em><\/p>\n\n\n\n<ul class=\"wp-block-list\">\n<li>Ensino m\u00e9dio completo<\/li>\n\n\n\n<li>Experi\u00eancia de pelo menos 6 meses na fun\u00e7\u00e3o<\/li>\n\n\n\n<li>Usu\u00e1rio de computador;<\/li>\n\n\n\n<li>Conhecimento da opera\u00e7\u00e3o CFTV;<\/li>\n\n\n\n<li>Conhecer regras de preven\u00e7\u00e3o de perdas varejo;<\/li>\n\n\n\n<li>Ser discreto, ter comunica\u00e7\u00e3o clara, organiza\u00e7\u00e3o, pontualidade e gentileza com as pessoas.<\/li>\n<\/ul>\n\n\n\n<p><strong>Promotor de vendas<\/strong><\/p>\n\n\n\n<p><em>Requisitos:<\/em><\/p>\n\n\n\n<ul class=\"wp-block-list\">\n<li>Ensino m\u00e9dio completo ou cursando<\/li>\n\n\n\n<li>Ser disciplinado, ter organiza\u00e7\u00e3o, pontualidade e gentileza com as pessoas.<\/li>\n<\/ul>\n\n\n\n<p><strong>L\u00edder de cart\u00e3o<\/strong><\/p>\n\n\n\n<p><em>Requisitos:<\/em><\/p>\n\n\n\n<ul class=\"wp-block-list\">\n<li>Desej\u00e1vel superior completo ou cursando;<\/li>\n\n\n\n<li>Usu\u00e1rio de Pacote Office;<\/li>\n\n\n\n<li>Experi\u00eancia de pelo menos 1 ano na fun\u00e7\u00e3o.<\/li>\n\n\n\n<li>Viv\u00eancia em varejo de moda;<\/li>\n\n\n\n<li>Cursos: VM, lideran\u00e7a e varejo;<\/li>\n\n\n\n<li>Ter comunica\u00e7\u00e3o clara, habilidades de negocia\u00e7\u00e3o, disciplina, organiza\u00e7\u00e3o, pontualidade e gentileza com as pessoas.<\/li>\n<\/ul>\n\n\n\n<p><strong><em>(Fonte: TVTEC Jundia\u00ed\/Imagem: Divulga\u00e7\u00e3o)<\/em><\/strong><\/p>\n","protected":false},"excerpt":{"rendered":"<p>Oportunidades s\u00e3o para trabalhar como fiscal de loja, promotor de vendas e l\u00edder de cart\u00e3o<\/p>\n","protected":false},"author":30,"featured_media":109268,"comment_status":"closed","ping_status":"0","sticky":false,"template":"","format":"standard","meta":{"footnotes":""},"categories":[5038,8363,8356,1],"tags":[],"class_list":["post-109266","post","type-post","status-publish","format-standard","has-post-thumbnail","hentry","category-emprego","category-emprego-2","category-jundiai","category-noticias"],"_links":{"self":[{"href":"https:\/\/tvtecjundiai.com.br\/news\/wp-json\/wp\/v2\/posts\/109266","targetHints":{"allow":["GET"]}}],"collection":[{"href":"https:\/\/tvtecjundiai.com.br\/news\/wp-json\/wp\/v2\/posts"}],"about":[{"href":"https:\/\/tvtecjundiai.com.br\/news\/wp-json\/wp\/v2\/types\/post"}],"author":[{"embeddable":true,"href":"https:\/\/tvtecjundiai.com.br\/news\/wp-json\/wp\/v2\/users\/30"}],"replies":[{"embeddable":true,"href":"https:\/\/tvtecjundiai.com.br\/news\/wp-json\/wp\/v2\/comments?post=109266"}],"version-history":[{"count":1,"href":"https:\/\/tvtecjundiai.com.br\/news\/wp-json\/wp\/v2\/posts\/109266\/revisions"}],"predecessor-version":[{"id":109269,"href":"https:\/\/tvtecjundiai.com.br\/news\/wp-json\/wp\/v2\/posts\/109266\/revisions\/109269"}],"wp:featuredmedia":[{"embeddable":true,"href":"https:\/\/tvtecjundiai.com.br\/news\/wp-json\/wp\/v2\/media\/109268"}],"wp:attachment":[{"href":"https:\/\/tvtecjundiai.com.br\/news\/wp-json\/wp\/v2\/media?parent=109266"}],"wp:term":[{"taxonomy":"category","embeddable":true,"href":"https:\/\/tvtecjundiai.com.br\/news\/wp-json\/wp\/v2\/categories?post=109266"},{"taxonomy":"post_tag","embeddable":true,"href":"https:\/\/tvtecjundiai.com.br\/news\/wp-json\/wp\/v2\/tags?post=109266"}],"curies":[{"name":"wp","href":"https:\/\/api.w.org\/{rel}","templated":true}]}}