{"id":109274,"date":"2023-05-17T11:37:46","date_gmt":"2023-05-17T14:37:46","guid":{"rendered":"https:\/\/tvtecjundiai.com.br\/news\/?p=109274"},"modified":"2023-05-17T11:37:47","modified_gmt":"2023-05-17T14:37:47","slug":"senacon-vai-monitorar-precos-de-combustiveis-no-pais","status":"publish","type":"post","link":"https:\/\/tvtecjundiai.com.br\/news\/2023\/05\/17\/senacon-vai-monitorar-precos-de-combustiveis-no-pais\/","title":{"rendered":"Senacon vai monitorar pre\u00e7os de combust\u00edveis no pa\u00eds"},"content":{"rendered":"\n<p>A Secretaria Nacional do Consumidor (Senacon) quer os Procons estaduais e municipais de todo o pa\u00eds monitorando os postos de combust\u00edveis, para verificar se a redu\u00e7\u00e3o dos pre\u00e7os m\u00e9dios da venda de gasolina e diesel para as distribuidoras foi repassado aos consumidores.<\/p>\n\n\n\n<p>Com esse prop\u00f3sito, o \u00f3rg\u00e3o emitiu na noite desta ter\u00e7a-feira (16) um of\u00edcio aos Procons, solicitando a eles que fa\u00e7am esse monitoramento de pre\u00e7os nas diversas regi\u00f5es do pa\u00eds.<\/p>\n\n\n<div class=\"wp-block-image\">\n<figure class=\"aligncenter size-full is-resized\"><img loading=\"lazy\" decoding=\"async\" src=\"https:\/\/tvtecjundiai.com.br\/news\/wp-content\/uploads\/sites\/2\/2023\/05\/posto_de_gasolina_jfcrz_abr_0605223809_1.jpg\" alt=\"\" class=\"wp-image-109275\" width=\"744\" height=\"445\" srcset=\"https:\/\/tvtecjundiai.com.br\/news\/wp-content\/uploads\/sites\/2\/2023\/05\/posto_de_gasolina_jfcrz_abr_0605223809_1.jpg 1170w, https:\/\/tvtecjundiai.com.br\/news\/wp-content\/uploads\/sites\/2\/2023\/05\/posto_de_gasolina_jfcrz_abr_0605223809_1-300x179.jpg 300w, https:\/\/tvtecjundiai.com.br\/news\/wp-content\/uploads\/sites\/2\/2023\/05\/posto_de_gasolina_jfcrz_abr_0605223809_1-768x459.jpg 768w\" sizes=\"auto, (max-width: 744px) 100vw, 744px\" \/><figcaption class=\"wp-element-caption\">Foto: Jos\u00e9 Cruz\/Ag\u00eancia Brasil<\/figcaption><\/figure>\n<\/div>\n\n\n<p><\/p>\n\n\n\n<p>Em nota divulgada pela Senacon, o secret\u00e1rio Nacional do Consumidor, Wadih Damous, disse que o monitoramento \u00e9 fundamental para assegurar que essa redu\u00e7\u00e3o dos pre\u00e7os realmente chegue aos consumidores.<\/p>\n\n\n\n<p>\u201cN\u00f3s queremos monitorar se essa redu\u00e7\u00e3o chegou ao bolso das consumidoras e dos consumidores. Neste sentido eu solicitei aos Procons de todo o Brasil que exer\u00e7am a devida fiscaliza\u00e7\u00e3o\u201d, justificou ao citar not\u00edcias veiculadas na imprensa sobre estabelecimentos que teriam aumentado de forma suspeita pre\u00e7os antes de a Petrobras anunciar a queda.<\/p>\n\n\n\n<p>Segundo Damous, esses estabelecimentos ser\u00e3o devidamente fiscalizados. \u201cN\u00e3o aceitaremos que postos se valham de fraude para aumentar os pre\u00e7os hoje e dizerem que reduziram amanh\u00e3. Esses postos estar\u00e3o sob a nossa fiscaliza\u00e7\u00e3o e san\u00e7\u00f5es ser\u00e3o aplicadas em caso de fraude\u201d, afirmou, ao garantir que a Secretaria acompanhar\u00e1 \u201cde perto\u201d a situa\u00e7\u00e3o e que, se necess\u00e1rio, adotar\u00e1 \u201cmedidas adicionais para proteger os direitos dos consumidores e garantir a concorr\u00eancia justa no mercado de combust\u00edveis\u201d.<\/p>\n\n\n\n<p>No of\u00edcio, a Senacon instrui os Procons a fazerem um levantamento detalhado dos pre\u00e7os dos combust\u00edveis em postos de diversas regi\u00f5es. A ideia \u00e9 identificar n\u00e3o apenas aumentos abusivos, mas eventuais \u201cpr\u00e1ticas irregulares que prejudiquem os consumidores\u201d.<\/p>\n\n\n\n<p><strong>Petrobras<\/strong><\/p>\n\n\n\n<p>Na segunda-feira (15), a Diretoria Executiva da Petrobras aprovou uma estrat\u00e9gia comercial para defini\u00e7\u00e3o de pre\u00e7os de diesel e gasolina que encerrou a subordina\u00e7\u00e3o dos valores ao pre\u00e7o de paridade de importa\u00e7\u00e3o.<\/p>\n\n\n\n<p>No dia seguinte, ter\u00e7a-feira (16), a empresa anunciou redu\u00e7\u00e3o R$ 0,44 por litro do pre\u00e7o m\u00e9dio do diesel para as distribuidoras, que passar\u00e1 de R$ 3,46 para R$ 3,02. A redu\u00e7\u00e3o do pre\u00e7o m\u00e9dio da gasolina \u00e9 de R$ 0,40 por litro, passando de R$ 3,18 para R$ 2,78, valor tamb\u00e9m pago pelas distribuidoras.<\/p>\n\n\n\n<p><strong><em>(Fonte: Ag\u00eancia brasil\/Imagem: Jos\u00e9 Cruz\/Ag\u00eancia Brasil)<\/em><\/strong><\/p>\n","protected":false},"excerpt":{"rendered":"<p>Fiscaliza\u00e7\u00e3o \u00e9 fundamental para assegurar que a redu\u00e7\u00e3o dos pre\u00e7os chegue aos consumidores<\/p>\n","protected":false},"author":30,"featured_media":109275,"comment_status":"closed","ping_status":"0","sticky":false,"template":"","format":"standard","meta":{"footnotes":""},"categories":[2829,1],"tags":[],"class_list":["post-109274","post","type-post","status-publish","format-standard","has-post-thumbnail","hentry","category-economia","category-noticias"],"_links":{"self":[{"href":"https:\/\/tvtecjundiai.com.br\/news\/wp-json\/wp\/v2\/posts\/109274","targetHints":{"allow":["GET"]}}],"collection":[{"href":"https:\/\/tvtecjundiai.com.br\/news\/wp-json\/wp\/v2\/posts"}],"about":[{"href":"https:\/\/tvtecjundiai.com.br\/news\/wp-json\/wp\/v2\/types\/post"}],"author":[{"embeddable":true,"href":"https:\/\/tvtecjundiai.com.br\/news\/wp-json\/wp\/v2\/users\/30"}],"replies":[{"embeddable":true,"href":"https:\/\/tvtecjundiai.com.br\/news\/wp-json\/wp\/v2\/comments?post=109274"}],"version-history":[{"count":1,"href":"https:\/\/tvtecjundiai.com.br\/news\/wp-json\/wp\/v2\/posts\/109274\/revisions"}],"predecessor-version":[{"id":109276,"href":"https:\/\/tvtecjundiai.com.br\/news\/wp-json\/wp\/v2\/posts\/109274\/revisions\/109276"}],"wp:featuredmedia":[{"embeddable":true,"href":"https:\/\/tvtecjundiai.com.br\/news\/wp-json\/wp\/v2\/media\/109275"}],"wp:attachment":[{"href":"https:\/\/tvtecjundiai.com.br\/news\/wp-json\/wp\/v2\/media?parent=109274"}],"wp:term":[{"taxonomy":"category","embeddable":true,"href":"https:\/\/tvtecjundiai.com.br\/news\/wp-json\/wp\/v2\/categories?post=109274"},{"taxonomy":"post_tag","embeddable":true,"href":"https:\/\/tvtecjundiai.com.br\/news\/wp-json\/wp\/v2\/tags?post=109274"}],"curies":[{"name":"wp","href":"https:\/\/api.w.org\/{rel}","templated":true}]}}