{"id":109280,"date":"2023-05-17T14:18:26","date_gmt":"2023-05-17T17:18:26","guid":{"rendered":"https:\/\/tvtecjundiai.com.br\/news\/?p=109280"},"modified":"2023-05-17T14:18:27","modified_gmt":"2023-05-17T17:18:27","slug":"noiva-realiza-sonho-e-se-casa-em-feira-de-jundiai","status":"publish","type":"post","link":"https:\/\/tvtecjundiai.com.br\/news\/2023\/05\/17\/noiva-realiza-sonho-e-se-casa-em-feira-de-jundiai\/","title":{"rendered":"Noiva realiza sonho e se casa em feira de Jundia\u00ed"},"content":{"rendered":"\n<p>Em busca de homenagear o pai e as melhores lembran\u00e7as da inf\u00e2ncia, uma noiva de Jundia\u00ed elevou a ideia de &#8220;fazer a feira&#8221; ao reunir amigos e familiares um casamento especial no Jundia\u00ed Mirim, uma feira livre da cidade.<\/p>\n\n\n\n<p>Ao <strong>g1<\/strong>, a costureira Marlene Luiza Machado Gomes, de 54 anos, conta que o sonho de se casar na feira sempre existiu, pois o ambiente lhe traz lembran\u00e7as especiais. Ap\u00f3s alguns contratempos, a cerim\u00f4nia realizada no domingo (14) contou at\u00e9 com a entrega das alian\u00e7as por delivery, feita pelo primo da noiva.<\/p>\n\n\n\n<p>De acordo com Marlene, a ideia de se casar em uma feira veio de lembran\u00e7as que a acompanham desde a inf\u00e2ncia pois, quando mais nova, contava os minutos para que domingo, dia de ir \u00e0 feira comer pastel com o pai e as irm\u00e3s, chegasse. Ao perder a figura paterna h\u00e1 oito anos, a vontade de homenage\u00e1-lo cresceu ainda mais.<\/p>\n\n\n<div class=\"wp-block-image\">\n<figure class=\"aligncenter size-full\"><img loading=\"lazy\" decoding=\"async\" width=\"847\" height=\"591\" src=\"https:\/\/tvtecjundiai.com.br\/news\/wp-content\/uploads\/sites\/2\/2023\/05\/casamento-feira.jpg\" alt=\"\" class=\"wp-image-109287\" srcset=\"https:\/\/tvtecjundiai.com.br\/news\/wp-content\/uploads\/sites\/2\/2023\/05\/casamento-feira.jpg 847w, https:\/\/tvtecjundiai.com.br\/news\/wp-content\/uploads\/sites\/2\/2023\/05\/casamento-feira-300x209.jpg 300w, https:\/\/tvtecjundiai.com.br\/news\/wp-content\/uploads\/sites\/2\/2023\/05\/casamento-feira-768x536.jpg 768w\" sizes=\"auto, (max-width: 847px) 100vw, 847px\" \/><figcaption class=\"wp-element-caption\">Foto: OnSet Foto e Filmes\/Divulga\u00e7\u00e3o<\/figcaption><\/figure>\n<\/div>\n\n\n<p><\/p>\n\n\n\n<p>\u201cA gente vem de uma origem muito pobre, ent\u00e3o comer um pastel na feira de domingo era muito bom. A gente ficava a semana toda esperando aquele dia chegar. Eu achava tudo aquilo muito lindo, aquele mundo de feira m\u00e1gico porque tinha comida, tinha tudo. A\u00ed surgiu [a vontade] dentro do meu cora\u00e7\u00e3o\u201d, relembra Marlene.<\/p>\n\n\n\n<p>Ap\u00f3s convencer o marido, fam\u00edlia e amigos, Marlene precisou conseguir uma autoriza\u00e7\u00e3o do cart\u00f3rio para celebra\u00e7\u00e3o no local.<\/p>\n\n\n\n<p>\u201cFomos ao cart\u00f3rio com o cora\u00e7\u00e3o na m\u00e3o. A pr\u00f3pria mo\u00e7a do cart\u00f3rio falou: \u2018n\u00e3o, n\u00e3o existe casamento de domingo\u2019. A\u00ed eu falei que a internet estava mentindo, porque existe casamento no domingo. Ela conversou com o juiz e ele aceitou e foi s\u00f3 alegria\u201d.<\/p>\n\n\n<div class=\"wp-block-image\">\n<figure class=\"aligncenter size-full\"><img loading=\"lazy\" decoding=\"async\" width=\"908\" height=\"633\" src=\"https:\/\/tvtecjundiai.com.br\/news\/wp-content\/uploads\/sites\/2\/2023\/05\/casamento-feira-jundiai.jpg\" alt=\"\" class=\"wp-image-109288\" srcset=\"https:\/\/tvtecjundiai.com.br\/news\/wp-content\/uploads\/sites\/2\/2023\/05\/casamento-feira-jundiai.jpg 908w, https:\/\/tvtecjundiai.com.br\/news\/wp-content\/uploads\/sites\/2\/2023\/05\/casamento-feira-jundiai-300x209.jpg 300w, https:\/\/tvtecjundiai.com.br\/news\/wp-content\/uploads\/sites\/2\/2023\/05\/casamento-feira-jundiai-768x535.jpg 768w\" sizes=\"auto, (max-width: 908px) 100vw, 908px\" \/><figcaption class=\"wp-element-caption\">Foto: OnSet Foto e Filmes\/Divulga\u00e7\u00e3o<\/figcaption><\/figure>\n<\/div>\n\n\n<p><\/p>\n\n\n\n<p>Marlene programou tudo o que uma noiva teria direito, como sal\u00e3o, maquiagem e a presen\u00e7a das amigas para dividir os momentos, mas n\u00e3o contava com o nervosismo que a atingiria durante o processo. \u201cImagina eu passar por isso aos meus 54 anos? Foi muito bom porque todos me ajudaram\u201d, conta, rindo.<\/p>\n\n\n\n<p>Depois de um contratempo, a cerim\u00f4nia precisou ser feita no gramado ao lado da feira, com espa\u00e7o para todos os convidados e at\u00e9 entrega delivery de alian\u00e7as feita pelo sobrinho &#8211; a\u00e7\u00e3o decidida de \u00faltima hora.<\/p>\n\n\n\n<p>\u201cN\u00e3o foi poss\u00edvel porque os feirantes alegaram que atrapalharia a venda deles. Ent\u00e3o eu disse: \u2018vamos pelo menos passar pela feira, n\u00e9?\u2019 E foi isso que aconteceu. Foi tudo muito bom. Recebi muita energia positiva, gra\u00e7as a Deus eu consegui realizar meu sonho\u201d, comemora.<\/p>\n\n\n\n<p>\u201cEu senti a presen\u00e7a do meu pai l\u00e1, senti ele colocando a m\u00e3o no meu ombro. At\u00e9 precisei dar uma paradinha para poder aguentar. E n\u00e3o s\u00f3 com ele, mas para as minhas irm\u00e3s tamb\u00e9m, que perdi as duas. Elas tamb\u00e9m foram homenageadas\u201d, compartilha a noiva.<\/p>\n\n\n\n<p>Segundo Marlene, o \u00fanico &#8220;problema&#8221; \u00e9 que n\u00e3o foi poss\u00edvel comer o pastel ap\u00f3s a troca das alian\u00e7as. \u201cNo dia das m\u00e3es n\u00e3o abriram a barraquinha de pastel, acredita?\u201d brinca.<\/p>\n\n\n\n<p>\u201cO povo de feira \u00e9 tudo de bom, aquela vibra\u00e7\u00e3o boa, energia, foi muito emocionante. Eu gostaria de casar de novo\u201d.<\/p>\n\n\n\n<p><em><strong>(Foto: g1\/Imagem: OnSet Foto e Filmes\/Divulga\u00e7\u00e3o)<\/strong><\/em><\/p>\n","protected":false},"excerpt":{"rendered":"<p>Marlene Gomes homenageou o pai, as irm\u00e3s e as melhores lembran\u00e7as da inf\u00e2ncia<\/p>\n","protected":false},"author":30,"featured_media":109287,"comment_status":"closed","ping_status":"0","sticky":false,"template":"","format":"standard","meta":{"footnotes":""},"categories":[8356,1],"tags":[],"class_list":["post-109280","post","type-post","status-publish","format-standard","has-post-thumbnail","hentry","category-jundiai","category-noticias"],"_links":{"self":[{"href":"https:\/\/tvtecjundiai.com.br\/news\/wp-json\/wp\/v2\/posts\/109280","targetHints":{"allow":["GET"]}}],"collection":[{"href":"https:\/\/tvtecjundiai.com.br\/news\/wp-json\/wp\/v2\/posts"}],"about":[{"href":"https:\/\/tvtecjundiai.com.br\/news\/wp-json\/wp\/v2\/types\/post"}],"author":[{"embeddable":true,"href":"https:\/\/tvtecjundiai.com.br\/news\/wp-json\/wp\/v2\/users\/30"}],"replies":[{"embeddable":true,"href":"https:\/\/tvtecjundiai.com.br\/news\/wp-json\/wp\/v2\/comments?post=109280"}],"version-history":[{"count":1,"href":"https:\/\/tvtecjundiai.com.br\/news\/wp-json\/wp\/v2\/posts\/109280\/revisions"}],"predecessor-version":[{"id":109291,"href":"https:\/\/tvtecjundiai.com.br\/news\/wp-json\/wp\/v2\/posts\/109280\/revisions\/109291"}],"wp:featuredmedia":[{"embeddable":true,"href":"https:\/\/tvtecjundiai.com.br\/news\/wp-json\/wp\/v2\/media\/109287"}],"wp:attachment":[{"href":"https:\/\/tvtecjundiai.com.br\/news\/wp-json\/wp\/v2\/media?parent=109280"}],"wp:term":[{"taxonomy":"category","embeddable":true,"href":"https:\/\/tvtecjundiai.com.br\/news\/wp-json\/wp\/v2\/categories?post=109280"},{"taxonomy":"post_tag","embeddable":true,"href":"https:\/\/tvtecjundiai.com.br\/news\/wp-json\/wp\/v2\/tags?post=109280"}],"curies":[{"name":"wp","href":"https:\/\/api.w.org\/{rel}","templated":true}]}}