{"id":109281,"date":"2023-05-17T14:09:48","date_gmt":"2023-05-17T17:09:48","guid":{"rendered":"https:\/\/tvtecjundiai.com.br\/news\/?p=109281"},"modified":"2023-05-17T14:09:49","modified_gmt":"2023-05-17T17:09:49","slug":"cultura-promove-formacao-para-educadores-com-foco-na-exposicao-sobre-o-holocausto","status":"publish","type":"post","link":"https:\/\/tvtecjundiai.com.br\/news\/2023\/05\/17\/cultura-promove-formacao-para-educadores-com-foco-na-exposicao-sobre-o-holocausto\/","title":{"rendered":"Cultura promove forma\u00e7\u00e3o para educadores com foco na exposi\u00e7\u00e3o sobre o Holocausto"},"content":{"rendered":"\n<p>A Unidade de Gest\u00e3o de Cultura (UGC), por meio do Departamento de Museus, deu in\u00edcio, nessa ter\u00e7a-feira (16), \u00e0s forma\u00e7\u00f5es para educadores com foco na Holocausto: para que nunca se negue, para que nunca se esque\u00e7a e para que nunca mais se repita\u201d, exposi\u00e7\u00e3o inaugurada na \u00faltima semana no Museu Hist\u00f3rico e Cultural \u2013 Solar do Bar\u00e3o e que, em somente quatro dias j\u00e1 recebeu mais de tr\u00eas mil visitantes.<\/p>\n\n\n\n<p>A primeira turma foi a de educadores das disciplinas de Humanidades da escola estadual Deolinda Copelli de Lima, da Vila Ruy Barbosa. Al\u00e9m de uma palestra com o diretor do Departamento de Museus, Paulo Vicentini, os participantes puderam conferir a exposi\u00e7\u00e3o.<\/p>\n\n\n\n<p><a rel=\"noreferrer noopener\" href=\"https:\/\/cultura.jundiai.sp.gov.br\/exposicoes\/holocausto-para-que-nunca-se-negue-para-que-nunca-se-esqueca-e-para-que-nunca-mais-se-repita\/\" target=\"_blank\">CONFIRA AS FOTOS DA EXPOSI\u00c7\u00c3O<\/a><\/p>\n\n\n<div class=\"wp-block-image\">\n<figure class=\"aligncenter size-large\"><img loading=\"lazy\" decoding=\"async\" width=\"1200\" height=\"801\" src=\"https:\/\/tvtecjundiai.com.br\/news\/wp-content\/uploads\/sites\/2\/2023\/05\/exposicao-holocausto-formacao-de-professores-rede-estadual_fm_-1-3-1280x854-1-1200x801.jpg\" alt=\"\" class=\"wp-image-109282\" srcset=\"https:\/\/tvtecjundiai.com.br\/news\/wp-content\/uploads\/sites\/2\/2023\/05\/exposicao-holocausto-formacao-de-professores-rede-estadual_fm_-1-3-1280x854-1-1200x801.jpg 1200w, https:\/\/tvtecjundiai.com.br\/news\/wp-content\/uploads\/sites\/2\/2023\/05\/exposicao-holocausto-formacao-de-professores-rede-estadual_fm_-1-3-1280x854-1-300x200.jpg 300w, https:\/\/tvtecjundiai.com.br\/news\/wp-content\/uploads\/sites\/2\/2023\/05\/exposicao-holocausto-formacao-de-professores-rede-estadual_fm_-1-3-1280x854-1-768x512.jpg 768w, https:\/\/tvtecjundiai.com.br\/news\/wp-content\/uploads\/sites\/2\/2023\/05\/exposicao-holocausto-formacao-de-professores-rede-estadual_fm_-1-3-1280x854-1.jpg 1280w\" sizes=\"auto, (max-width: 1200px) 100vw, 1200px\" \/><figcaption class=\"wp-element-caption\">Antes da visita, forma\u00e7\u00e3o foi realizada pelo diretor, Paulo Vicentini, e equipe na Sala Jahyr Accioly de Souza<\/figcaption><\/figure>\n<\/div>\n\n\n<p>\u201cEsta exposi\u00e7\u00e3o vem na sequ\u00eancia de exposi\u00e7\u00f5es propostas pela UGC e pelo Departamento de Museus com foco nos Direitos Humanos e na abordagem de crimes contra eles e contra a Humanidade. Um dos exemplos foi a escravid\u00e3o, j\u00e1 tratada em outras ocasi\u00f5es. E agora, trazemos como tema mais um crime, que foi o Holocausto, e n\u00e3o mediremos esfor\u00e7os para que o tema chegue at\u00e9 todas as escolas, todos os professores e todos os alunos\u201d, comentou Vicentini, que ressaltou ainda que todo o material gr\u00e1fico da exposi\u00e7\u00e3o produzido pela UGC poder\u00e1 ser distribu\u00eddo, gratuitamente, aos interessados para propostas pedag\u00f3gicas.<\/p>\n\n\n\n<p>Um dos visitantes, o professor de Filosofia e Projeto de Vida da escola, Nelson Zanini, que refor\u00e7ou a import\u00e2ncia de se tratar do tema. \u201cO Holocausto \u00e9 um dos temas que comp\u00f5em o curr\u00edculo do curso de Filosofia e, por isso, eu n\u00e3o podia deixar de vir e de, agora em sala de aula, incentivar que os alunos venham ao Museu e tenham esta viv\u00eancia. O S\u00e9culo 20 foi um s\u00e9culo transformador, mas foi tamb\u00e9m quando o mundo viu surgirem os campos de concentra\u00e7\u00e3o. Precisamos falar a respeito, evitar que se alimente o \u00f3dio, para que isso nunca mais se repita\u201d.<\/p>\n\n\n<div class=\"wp-block-image\">\n<figure class=\"aligncenter size-large\"><img loading=\"lazy\" decoding=\"async\" width=\"1200\" height=\"801\" src=\"https:\/\/tvtecjundiai.com.br\/news\/wp-content\/uploads\/sites\/2\/2023\/05\/exposicao-holocausto-formacao-de-professores-rede-estadual_fm_-68-1-1280x854-1-1200x801.jpg\" alt=\"\" class=\"wp-image-109283\" srcset=\"https:\/\/tvtecjundiai.com.br\/news\/wp-content\/uploads\/sites\/2\/2023\/05\/exposicao-holocausto-formacao-de-professores-rede-estadual_fm_-68-1-1280x854-1-1200x801.jpg 1200w, https:\/\/tvtecjundiai.com.br\/news\/wp-content\/uploads\/sites\/2\/2023\/05\/exposicao-holocausto-formacao-de-professores-rede-estadual_fm_-68-1-1280x854-1-300x200.jpg 300w, https:\/\/tvtecjundiai.com.br\/news\/wp-content\/uploads\/sites\/2\/2023\/05\/exposicao-holocausto-formacao-de-professores-rede-estadual_fm_-68-1-1280x854-1-768x512.jpg 768w, https:\/\/tvtecjundiai.com.br\/news\/wp-content\/uploads\/sites\/2\/2023\/05\/exposicao-holocausto-formacao-de-professores-rede-estadual_fm_-68-1-1280x854-1.jpg 1280w\" sizes=\"auto, (max-width: 1200px) 100vw, 1200px\" \/><figcaption class=\"wp-element-caption\">Impressionado com a exposi\u00e7\u00e3o, o professor Nelson ir\u00e1 incentivar a visita e viv\u00eancia aos alunos<\/figcaption><\/figure>\n<\/div>\n\n\n<p><strong>Mais forma\u00e7\u00e3o<\/strong><br>Na \u00faltima segunda-feira (15), um grupo de cinquenta educares da rede estadual de ensino dos cursos de Geografia e Hist\u00f3ria, do Ensinos Fundamental 2 e M\u00e9dio, tamb\u00e9m participaram de uma forma\u00e7\u00e3o promovida pela Departamento no Museu Ferrovi\u00e1rio e no Arquivo Hist\u00f3rico, ambos no Espa\u00e7o Expressa (antigo Complexo Fepasa).<\/p>\n\n\n\n<p>O objetivo desta forma\u00e7\u00e3o, al\u00e9m de tamb\u00e9m incentivar a divulga\u00e7\u00e3o dos espa\u00e7os culturais para os alunos, foi o de apresentar aos educadores a estrutura dos equipamentos, a rotina de trabalho de cataloga\u00e7\u00e3o e digitaliza\u00e7\u00e3o do acervo, bem como apresentar como os profissionais podem requerer e utilizar as fontes dispon\u00edveis para trabalho em sala de aula.<\/p>\n\n\n<div class=\"wp-block-image\">\n<figure class=\"aligncenter size-large\"><img loading=\"lazy\" decoding=\"async\" width=\"1200\" height=\"801\" src=\"https:\/\/tvtecjundiai.com.br\/news\/wp-content\/uploads\/sites\/2\/2023\/05\/exposicao-holocausto-formacao-de-professores-rede-estadual_fm_-26-1280x854-1-1200x801.jpg\" alt=\"\" class=\"wp-image-109284\" srcset=\"https:\/\/tvtecjundiai.com.br\/news\/wp-content\/uploads\/sites\/2\/2023\/05\/exposicao-holocausto-formacao-de-professores-rede-estadual_fm_-26-1280x854-1-1200x801.jpg 1200w, https:\/\/tvtecjundiai.com.br\/news\/wp-content\/uploads\/sites\/2\/2023\/05\/exposicao-holocausto-formacao-de-professores-rede-estadual_fm_-26-1280x854-1-300x200.jpg 300w, https:\/\/tvtecjundiai.com.br\/news\/wp-content\/uploads\/sites\/2\/2023\/05\/exposicao-holocausto-formacao-de-professores-rede-estadual_fm_-26-1280x854-1-768x512.jpg 768w, https:\/\/tvtecjundiai.com.br\/news\/wp-content\/uploads\/sites\/2\/2023\/05\/exposicao-holocausto-formacao-de-professores-rede-estadual_fm_-26-1280x854-1.jpg 1280w\" sizes=\"auto, (max-width: 1200px) 100vw, 1200px\" \/><figcaption class=\"wp-element-caption\">Professores fizeram o percurso da exposi\u00e7\u00e3o ap\u00f3s a forma\u00e7\u00e3o<\/figcaption><\/figure>\n<\/div>\n\n\n<p><strong>Servi\u00e7o<\/strong><br>A exposi\u00e7\u00e3o \u201cHolocausto: para que nunca se negue, para que nunca se esque\u00e7a e para que nunca mais se repita\u201d segue em cartaz, com visita\u00e7\u00e3o gratuita, at\u00e9 o dia 06 de agosto, com classifica\u00e7\u00e3o et\u00e1ria para maiores de 12 anos.<\/p>\n\n\n\n<p>Al\u00e9m do acervo de fotos, mapas, textos e instala\u00e7\u00f5es art\u00edsticas da UGC, a mostra contempla ainda as exposi\u00e7\u00f5es \u201cSho\u00e1: como foi humanamente poss\u00edvel?\u201d e \u201cOs justos entre as na\u00e7\u00f5es da Litu\u00e2nia\u201d, propostas pelo Memorial da Imigra\u00e7\u00e3o Judaica e do Holocausto de S\u00e3o Paulo e do Consulado Geral da Rep\u00fablica da Litu\u00e2nia de S\u00e3o Paulo.<\/p>\n\n\n\n<p><strong><em>(Fonte\/Imagem: Prefeitura de Jundia\u00ed)<\/em><\/strong><\/p>\n","protected":false},"excerpt":{"rendered":"<p>Antes da visita, forma\u00e7\u00e3o foi realizada pelo diretor, Paulo Vicentini, e equipe na Sala Jahyr Accioly de Souza<\/p>\n","protected":false},"author":30,"featured_media":109283,"comment_status":"closed","ping_status":"0","sticky":false,"template":"","format":"standard","meta":{"footnotes":""},"categories":[8356,1],"tags":[],"class_list":["post-109281","post","type-post","status-publish","format-standard","has-post-thumbnail","hentry","category-jundiai","category-noticias"],"_links":{"self":[{"href":"https:\/\/tvtecjundiai.com.br\/news\/wp-json\/wp\/v2\/posts\/109281","targetHints":{"allow":["GET"]}}],"collection":[{"href":"https:\/\/tvtecjundiai.com.br\/news\/wp-json\/wp\/v2\/posts"}],"about":[{"href":"https:\/\/tvtecjundiai.com.br\/news\/wp-json\/wp\/v2\/types\/post"}],"author":[{"embeddable":true,"href":"https:\/\/tvtecjundiai.com.br\/news\/wp-json\/wp\/v2\/users\/30"}],"replies":[{"embeddable":true,"href":"https:\/\/tvtecjundiai.com.br\/news\/wp-json\/wp\/v2\/comments?post=109281"}],"version-history":[{"count":1,"href":"https:\/\/tvtecjundiai.com.br\/news\/wp-json\/wp\/v2\/posts\/109281\/revisions"}],"predecessor-version":[{"id":109285,"href":"https:\/\/tvtecjundiai.com.br\/news\/wp-json\/wp\/v2\/posts\/109281\/revisions\/109285"}],"wp:featuredmedia":[{"embeddable":true,"href":"https:\/\/tvtecjundiai.com.br\/news\/wp-json\/wp\/v2\/media\/109283"}],"wp:attachment":[{"href":"https:\/\/tvtecjundiai.com.br\/news\/wp-json\/wp\/v2\/media?parent=109281"}],"wp:term":[{"taxonomy":"category","embeddable":true,"href":"https:\/\/tvtecjundiai.com.br\/news\/wp-json\/wp\/v2\/categories?post=109281"},{"taxonomy":"post_tag","embeddable":true,"href":"https:\/\/tvtecjundiai.com.br\/news\/wp-json\/wp\/v2\/tags?post=109281"}],"curies":[{"name":"wp","href":"https:\/\/api.w.org\/{rel}","templated":true}]}}