{"id":109292,"date":"2023-05-17T15:35:10","date_gmt":"2023-05-17T18:35:10","guid":{"rendered":"https:\/\/tvtecjundiai.com.br\/news\/?p=109292"},"modified":"2023-05-17T15:35:19","modified_gmt":"2023-05-17T18:35:19","slug":"educacao-divulga-lista-de-sorteados-para-cursos-no-centro-de-linguas","status":"publish","type":"post","link":"https:\/\/tvtecjundiai.com.br\/news\/2023\/05\/17\/educacao-divulga-lista-de-sorteados-para-cursos-no-centro-de-linguas\/","title":{"rendered":"Educa\u00e7\u00e3o divulga lista de sorteados para cursos no Centro de L\u00ednguas"},"content":{"rendered":"\n<p>A Unidade de Gest\u00e3o de Educa\u00e7\u00e3o (UGE) divulgou nesta quarta-feira (17) a lista de candidatos contemplados em sorteio para os cursos de Espanhol, Franc\u00eas, Italiano e Ingl\u00eas no Centro de L\u00ednguas e Tecnologia da Informa\u00e7\u00e3o Ant\u00f4nio Houaiss.<\/p>\n\n\n\n<p>A lista completa pode ser conferida no&nbsp;<a href=\"https:\/\/jundiai.sp.gov.br\/noticias\/wp-content\/uploads\/sites\/32\/2023\/05\/edital-uge-no-23_centro_de_linguas-58-62-1.pdf\" target=\"_blank\" rel=\"noreferrer noopener\">edital UGE n\u00ba 23, publicado entre as p\u00e1ginas 58 e 62 da edi\u00e7\u00e3o 5270 da Imprensa Oficial do Munic\u00edpio<\/a>. Nesta lista est\u00e3o indicados os sorteados para o percentual entre as cerca de 700 vagas dispon\u00edveis entre p\u00fablico geral, pessoas com defici\u00eancia (comprovada por laudo m\u00e9dico na efetiva\u00e7\u00e3o da matr\u00edcula) e servidores ativos da UGE.<\/p>\n\n\n\n<figure class=\"wp-block-image\"><img decoding=\"async\" src=\"https:\/\/jundiai.sp.gov.br\/noticias\/wp-content\/uploads\/sites\/32\/2023\/05\/centro-de-linguas_complexo-argos_m_-1-1280x854.jpg\" alt=\"\" class=\"wp-image-317422\" \/><figcaption class=\"wp-element-caption\">Cursos t\u00eam dura\u00e7\u00e3o de dois anos e iniciam-se j\u00e1 no pr\u00f3ximo semestre de 2023<\/figcaption><\/figure>\n\n\n\n<p>Os candidatos contemplados devem efetuar a matr\u00edcula entre esta quinta (18) e a sexta-feira (26), exclusivamente a partir de link enviado pelo Centro de L\u00ednguas no e-mail indicado pelo interessado no ato de inscri\u00e7\u00e3o, anexando ainda a documenta\u00e7\u00e3o necess\u00e1ria, como documentos pessoais e comprovantes.<\/p>\n\n\n\n<p>A UGE informa ainda que, tamb\u00e9m atrav\u00e9s da Imprensa Oficial dever\u00e1 ser publicada a lista de espera, com previs\u00e3o para a edi\u00e7\u00e3o desta sexta-feira (19), conforme previsto em cronograma.<\/p>\n\n\n\n<p>Com in\u00edcio no pr\u00f3ximo semestre, os cursos t\u00eam turmas nos tr\u00eas per\u00edodos \u2013 matutino, vespertino e noturno -, com dura\u00e7\u00e3o de dois anos e duas aulas semanais (\u00e0s segundas e quartas-feiras e \u00e0s ter\u00e7as e quintas-feiras).<\/p>\n\n\n\n<p><\/p>\n\n\n\n<p>Fonte \/ Imagem: Prefeitura de Jundia\u00ed <\/p>\n","protected":false},"excerpt":{"rendered":"<p>Cursos t\u00eam dura\u00e7\u00e3o de dois anos e iniciam-se j\u00e1 no pr\u00f3ximo semestre de 2023<\/p>\n","protected":false},"author":24,"featured_media":109293,"comment_status":"closed","ping_status":"0","sticky":false,"template":"","format":"standard","meta":{"footnotes":""},"categories":[2828],"tags":[],"class_list":["post-109292","post","type-post","status-publish","format-standard","has-post-thumbnail","hentry","category-educacao"],"_links":{"self":[{"href":"https:\/\/tvtecjundiai.com.br\/news\/wp-json\/wp\/v2\/posts\/109292","targetHints":{"allow":["GET"]}}],"collection":[{"href":"https:\/\/tvtecjundiai.com.br\/news\/wp-json\/wp\/v2\/posts"}],"about":[{"href":"https:\/\/tvtecjundiai.com.br\/news\/wp-json\/wp\/v2\/types\/post"}],"author":[{"embeddable":true,"href":"https:\/\/tvtecjundiai.com.br\/news\/wp-json\/wp\/v2\/users\/24"}],"replies":[{"embeddable":true,"href":"https:\/\/tvtecjundiai.com.br\/news\/wp-json\/wp\/v2\/comments?post=109292"}],"version-history":[{"count":1,"href":"https:\/\/tvtecjundiai.com.br\/news\/wp-json\/wp\/v2\/posts\/109292\/revisions"}],"predecessor-version":[{"id":109294,"href":"https:\/\/tvtecjundiai.com.br\/news\/wp-json\/wp\/v2\/posts\/109292\/revisions\/109294"}],"wp:featuredmedia":[{"embeddable":true,"href":"https:\/\/tvtecjundiai.com.br\/news\/wp-json\/wp\/v2\/media\/109293"}],"wp:attachment":[{"href":"https:\/\/tvtecjundiai.com.br\/news\/wp-json\/wp\/v2\/media?parent=109292"}],"wp:term":[{"taxonomy":"category","embeddable":true,"href":"https:\/\/tvtecjundiai.com.br\/news\/wp-json\/wp\/v2\/categories?post=109292"},{"taxonomy":"post_tag","embeddable":true,"href":"https:\/\/tvtecjundiai.com.br\/news\/wp-json\/wp\/v2\/tags?post=109292"}],"curies":[{"name":"wp","href":"https:\/\/api.w.org\/{rel}","templated":true}]}}