{"id":109295,"date":"2023-05-17T16:36:54","date_gmt":"2023-05-17T19:36:54","guid":{"rendered":"https:\/\/tvtecjundiai.com.br\/news\/?p=109295"},"modified":"2023-05-17T16:36:55","modified_gmt":"2023-05-17T19:36:55","slug":"em-acao-com-a-comunidade-clinica-da-familia-hortolandia-oferta-atendimento-com-podologas","status":"publish","type":"post","link":"https:\/\/tvtecjundiai.com.br\/news\/2023\/05\/17\/em-acao-com-a-comunidade-clinica-da-familia-hortolandia-oferta-atendimento-com-podologas\/","title":{"rendered":"Em a\u00e7\u00e3o com a comunidade, Cl\u00ednica da Fam\u00edlia Hortol\u00e2ndia oferta atendimento com pod\u00f3logas"},"content":{"rendered":"\n<p>Usu\u00e1rias da Cl\u00ednica da Fam\u00edlia Hortol\u00e2ndia receberam nesta quarta-feira (17) um cuidado especial. A partir de uma parceria com o Senac Jundia\u00ed, foi ofertado atendimento de podologia para pacientes diagnosticadas com diabetes.<br><br>\u201c\u00c9 uma a\u00e7\u00e3o que une o servi\u00e7o de sa\u00fade e a comunidade, proporcionando cuidado multidisciplinar e integral. Como estamos no m\u00eas de maio, m\u00eas das m\u00e3es, envolvemos mulheres que passam por tratamento conosco. A diabetes pode causar problemas nos p\u00e9s e elas est\u00e3o recebendo orienta\u00e7\u00e3o e passando por procedimentos importantes. Esse \u00e9 um cuidado a mais que vai al\u00e9m dos consult\u00f3rios, das receitas\u201d, comentou a m\u00e9dica generalista Tatiane de Luca Barbosa.<\/p>\n\n\n<div class=\"wp-block-image\">\n<figure class=\"aligncenter size-large is-resized\"><img loading=\"lazy\" decoding=\"async\" src=\"https:\/\/tvtecjundiai.com.br\/news\/wp-content\/uploads\/sites\/2\/2023\/05\/cf-podologia-10-2-1280x854-1-1200x801.jpg\" alt=\"\" class=\"wp-image-109296\" width=\"712\" height=\"475\" srcset=\"https:\/\/tvtecjundiai.com.br\/news\/wp-content\/uploads\/sites\/2\/2023\/05\/cf-podologia-10-2-1280x854-1-1200x801.jpg 1200w, https:\/\/tvtecjundiai.com.br\/news\/wp-content\/uploads\/sites\/2\/2023\/05\/cf-podologia-10-2-1280x854-1-300x200.jpg 300w, https:\/\/tvtecjundiai.com.br\/news\/wp-content\/uploads\/sites\/2\/2023\/05\/cf-podologia-10-2-1280x854-1-768x512.jpg 768w, https:\/\/tvtecjundiai.com.br\/news\/wp-content\/uploads\/sites\/2\/2023\/05\/cf-podologia-10-2-1280x854-1.jpg 1280w\" sizes=\"auto, (max-width: 712px) 100vw, 712px\" \/><figcaption class=\"wp-element-caption\">Cerca de 20 mulheres ser\u00e3o atendidas na a\u00e7\u00e3o<\/figcaption><\/figure>\n<\/div>\n\n\n<p>O professor do curso de T\u00e9cnica em Podologia do Senac Jundia\u00ed, Lu\u00eds Guize, tamb\u00e9m destacou a import\u00e2ncia da a\u00e7\u00e3o. \u201cCom o suporte da equipe m\u00e9dica e de enfermagem, estamos realizando os atendimentos, inclusive, de casos mais graves, evitando complica\u00e7\u00f5es que elas poderiam ter. Esse contato e apoio \u00e0 comunidade \u00e9 uma troca ben\u00e9fica\u201d, frisou.<\/p>\n\n\n\n<p>Quem passou pelo procedimento aprovou. \u201c\u00c9 a primeira vez que sou atendida por uma pod\u00f3loga. J\u00e1 tinha tentando resolver o problema da minha unha de diversas formas, mas n\u00e3o consegui. Est\u00e1 sendo muito bom\u201d, avaliou a dona de casa F\u00e1tima Aparecida Poveron.<\/p>\n\n\n<div class=\"wp-block-image\">\n<figure class=\"aligncenter size-large\"><img loading=\"lazy\" decoding=\"async\" width=\"1200\" height=\"676\" src=\"https:\/\/tvtecjundiai.com.br\/news\/wp-content\/uploads\/sites\/2\/2023\/05\/podologia-cf-3-1-1280x721-1-1200x676.jpg\" alt=\"\" class=\"wp-image-109297\" srcset=\"https:\/\/tvtecjundiai.com.br\/news\/wp-content\/uploads\/sites\/2\/2023\/05\/podologia-cf-3-1-1280x721-1-1200x676.jpg 1200w, https:\/\/tvtecjundiai.com.br\/news\/wp-content\/uploads\/sites\/2\/2023\/05\/podologia-cf-3-1-1280x721-1-300x169.jpg 300w, https:\/\/tvtecjundiai.com.br\/news\/wp-content\/uploads\/sites\/2\/2023\/05\/podologia-cf-3-1-1280x721-1-768x433.jpg 768w, https:\/\/tvtecjundiai.com.br\/news\/wp-content\/uploads\/sites\/2\/2023\/05\/podologia-cf-3-1-1280x721-1.jpg 1280w\" sizes=\"auto, (max-width: 1200px) 100vw, 1200px\" \/><figcaption class=\"wp-element-caption\">F\u00e1tima gostou do atendimento. Foi a primeira vez que passou pelo tratamento<\/figcaption><\/figure>\n<\/div>\n\n\n<p>Ao todo, cerca de 20 mulheres ser\u00e3o atendidas at\u00e9 quinta-feira (18) a partir do agendamento realizado pela Cl\u00ednica da Fam\u00edlia.<\/p>\n\n\n\n<p><strong><em>(Fonte\/Imagem: Prefeitura de Jundia\u00ed)<\/em><\/strong><\/p>\n","protected":false},"excerpt":{"rendered":"<p>Cerca de 20 mulheres ser\u00e3o atendidas na a\u00e7\u00e3o<\/p>\n","protected":false},"author":30,"featured_media":109296,"comment_status":"closed","ping_status":"0","sticky":false,"template":"","format":"standard","meta":{"footnotes":""},"categories":[8356,1,2839,8355],"tags":[],"class_list":["post-109295","post","type-post","status-publish","format-standard","has-post-thumbnail","hentry","category-jundiai","category-noticias","category-saude","category-saude-3"],"_links":{"self":[{"href":"https:\/\/tvtecjundiai.com.br\/news\/wp-json\/wp\/v2\/posts\/109295","targetHints":{"allow":["GET"]}}],"collection":[{"href":"https:\/\/tvtecjundiai.com.br\/news\/wp-json\/wp\/v2\/posts"}],"about":[{"href":"https:\/\/tvtecjundiai.com.br\/news\/wp-json\/wp\/v2\/types\/post"}],"author":[{"embeddable":true,"href":"https:\/\/tvtecjundiai.com.br\/news\/wp-json\/wp\/v2\/users\/30"}],"replies":[{"embeddable":true,"href":"https:\/\/tvtecjundiai.com.br\/news\/wp-json\/wp\/v2\/comments?post=109295"}],"version-history":[{"count":1,"href":"https:\/\/tvtecjundiai.com.br\/news\/wp-json\/wp\/v2\/posts\/109295\/revisions"}],"predecessor-version":[{"id":109298,"href":"https:\/\/tvtecjundiai.com.br\/news\/wp-json\/wp\/v2\/posts\/109295\/revisions\/109298"}],"wp:featuredmedia":[{"embeddable":true,"href":"https:\/\/tvtecjundiai.com.br\/news\/wp-json\/wp\/v2\/media\/109296"}],"wp:attachment":[{"href":"https:\/\/tvtecjundiai.com.br\/news\/wp-json\/wp\/v2\/media?parent=109295"}],"wp:term":[{"taxonomy":"category","embeddable":true,"href":"https:\/\/tvtecjundiai.com.br\/news\/wp-json\/wp\/v2\/categories?post=109295"},{"taxonomy":"post_tag","embeddable":true,"href":"https:\/\/tvtecjundiai.com.br\/news\/wp-json\/wp\/v2\/tags?post=109295"}],"curies":[{"name":"wp","href":"https:\/\/api.w.org\/{rel}","templated":true}]}}