{"id":109299,"date":"2023-05-17T17:04:07","date_gmt":"2023-05-17T20:04:07","guid":{"rendered":"https:\/\/tvtecjundiai.com.br\/news\/?p=109299"},"modified":"2023-05-17T17:04:51","modified_gmt":"2023-05-17T20:04:51","slug":"jundiai-inicia-vacinacao-contra-gripe-na-populacao-a-partir-de-seis-meses","status":"publish","type":"post","link":"https:\/\/tvtecjundiai.com.br\/news\/2023\/05\/17\/jundiai-inicia-vacinacao-contra-gripe-na-populacao-a-partir-de-seis-meses\/","title":{"rendered":"Jundia\u00ed inicia vacina\u00e7\u00e3o contra gripe para popula\u00e7\u00e3o a partir de seis meses"},"content":{"rendered":"\n<p>A consultora de produtos Juliana Rocha, de 38 anos, n\u00e3o quis perder tempo e correu para receber, nesta quarta-feira (17), a vacina contra Influenza. Jundia\u00ed realiza a aplica\u00e7\u00e3o para toda a popula\u00e7\u00e3o a partir dos seis meses de idade, durante a semana, em todas as Unidades B\u00e1sicas de Sa\u00fade (UBSs), Novas UBSs e Cl\u00ednicas da Fam\u00edlia, no per\u00edodo da manh\u00e3. Neste s\u00e1bado (20), a dose ser\u00e1 disponibilizada em sete equipamentos de sa\u00fade e no Espa\u00e7o Jundia\u00ed Empreendedora.<br><br>\u201cEu estava no aguardo e trouxe meu filho Jo\u00e3o Lucas, de 5 anos. Todos os anos, tomo a dose. \u00c9 importante e sei os benef\u00edcios. Quase n\u00e3o sinto nada quando fico gripada\u201d, ressaltou Juliana, ap\u00f3s receber a vacina na Cl\u00ednica da Fam\u00edlia Hortol\u00e2ndia.<\/p>\n\n\n\n<p>No Munic\u00edpio, cerca de 45 mil pessoas foram vacinadas desde o in\u00edcio da campanha, em abril. A cobertura entre os idosos \u00e9 de 38,23%, enquanto em crian\u00e7as de seis meses a menores de seis anos est\u00e1 em menos de 10% e em gestantes, 14,7%.<br><br>\u201cEssa \u00e9 mais uma importante campanha. Anualmente, a vacina contra gripe \u00e9 atualizada para ser efetiva na prote\u00e7\u00e3o contra as cepas do v\u00edrus. \u00c9 fundamental que as pessoas, principalmente as que est\u00e3o nos grupos priorit\u00e1rios, busquem a dose. Ainda s\u00e3o as crian\u00e7as e os idosos que acabam sendo internados pela doen\u00e7a e indo a \u00f3bito\u201d, ressalta o gestor de Promo\u00e7\u00e3o da Sa\u00fade, Tiago Texera.<\/p>\n\n\n<div class=\"wp-block-image\">\n<figure class=\"aligncenter size-large\"><img loading=\"lazy\" decoding=\"async\" width=\"1200\" height=\"676\" src=\"https:\/\/tvtecjundiai.com.br\/news\/wp-content\/uploads\/sites\/2\/2023\/05\/vacina-gripe-2-1280x721-2-1200x676.jpg\" alt=\"\" class=\"wp-image-109301\" srcset=\"https:\/\/tvtecjundiai.com.br\/news\/wp-content\/uploads\/sites\/2\/2023\/05\/vacina-gripe-2-1280x721-2-1200x676.jpg 1200w, https:\/\/tvtecjundiai.com.br\/news\/wp-content\/uploads\/sites\/2\/2023\/05\/vacina-gripe-2-1280x721-2-300x169.jpg 300w, https:\/\/tvtecjundiai.com.br\/news\/wp-content\/uploads\/sites\/2\/2023\/05\/vacina-gripe-2-1280x721-2-768x433.jpg 768w, https:\/\/tvtecjundiai.com.br\/news\/wp-content\/uploads\/sites\/2\/2023\/05\/vacina-gripe-2-1280x721-2.jpg 1280w\" sizes=\"auto, (max-width: 1200px) 100vw, 1200px\" \/><figcaption class=\"wp-element-caption\">Juliana e o filho Jo\u00e3o Lucas foram imunizados contra a gripe, nesta quarta<\/figcaption><\/figure>\n<\/div>\n\n\n<p>Neste ano, o Estado de S\u00e3o Paulo, at\u00e9 o dia 6 de maio, confirmou 896 casos de Influenza e 58 \u00f3bitos. Na cidade, foram registrados nove casos da doen\u00e7a com interna\u00e7\u00e3o, sendo que tr\u00eas evolu\u00edram para \u00f3bito: uma crian\u00e7a de tr\u00eas anos e dois idosos com 86 e 77 e anos, todos com comorbidades.<\/p>\n\n\n\n<p><strong>Programa\u00e7\u00e3o<\/strong><br>S\u00e1bado, das 8h \u00e0s 12h, a campanha de vacina\u00e7\u00e3o contra gripe e contra Covid-19 ser\u00e1 nos equipamentos:<\/p>\n\n\n\n<p>\u2013 UBS Pitangueiras (rua It\u00e1lia, 91);<br>\u2013 UBS Central (rua Antonio Segre, 71- esquina com avenida Henrique Andr\u00e9s 680);<br>\u2013 UBS Travi\u00fa (rua Paulino Louren\u00e7on, 8);<br>\u2013 UBS Agapeama (rua Luis Capri, 2380);<br>\u2013 UBS Morada das Vinhas (rua Uva Ni\u00e1gara, s\/n\u00ba).<\/p>\n\n\n\n<p>Na UBS Rio Branco (rua Manuel Bandeira, 190), a vacina\u00e7\u00e3o contra Influenza e Covid-19 ser\u00e1 das 8h \u00e0s 16h.<\/p>\n\n\n\n<p>J\u00e1 na UBS Anhangaba\u00fa (rua Hans Staden, 40) ser\u00e1 disponibilizada, das 8h \u00e0s 12h, exclusivamente a vacina contra gripe, e no Espa\u00e7o Jundia\u00ed Empreendedora (Maxi Shopping) ser\u00e3o aplicadas, das 11h \u00e0s 17h, os imunizantes contra gripe e Covid, e as doses da rotina recomendadas no calend\u00e1rio nacional de vacina\u00e7\u00e3o para crian\u00e7as, adolescentes e adultos.<\/p>\n\n\n\n<p><strong><em>(Fonte\/Imagem: Prefeitura de Jundia\u00ed)<\/em><\/strong><\/p>\n","protected":false},"excerpt":{"rendered":"<p>No Munic\u00edpio, cerca de 45 mil pessoas foram vacinadas desde o in\u00edcio da campanha, em abril. <\/p>\n","protected":false},"author":30,"featured_media":109301,"comment_status":"closed","ping_status":"0","sticky":false,"template":"","format":"standard","meta":{"footnotes":""},"categories":[1],"tags":[],"class_list":["post-109299","post","type-post","status-publish","format-standard","has-post-thumbnail","hentry","category-noticias"],"_links":{"self":[{"href":"https:\/\/tvtecjundiai.com.br\/news\/wp-json\/wp\/v2\/posts\/109299","targetHints":{"allow":["GET"]}}],"collection":[{"href":"https:\/\/tvtecjundiai.com.br\/news\/wp-json\/wp\/v2\/posts"}],"about":[{"href":"https:\/\/tvtecjundiai.com.br\/news\/wp-json\/wp\/v2\/types\/post"}],"author":[{"embeddable":true,"href":"https:\/\/tvtecjundiai.com.br\/news\/wp-json\/wp\/v2\/users\/30"}],"replies":[{"embeddable":true,"href":"https:\/\/tvtecjundiai.com.br\/news\/wp-json\/wp\/v2\/comments?post=109299"}],"version-history":[{"count":2,"href":"https:\/\/tvtecjundiai.com.br\/news\/wp-json\/wp\/v2\/posts\/109299\/revisions"}],"predecessor-version":[{"id":109303,"href":"https:\/\/tvtecjundiai.com.br\/news\/wp-json\/wp\/v2\/posts\/109299\/revisions\/109303"}],"wp:featuredmedia":[{"embeddable":true,"href":"https:\/\/tvtecjundiai.com.br\/news\/wp-json\/wp\/v2\/media\/109301"}],"wp:attachment":[{"href":"https:\/\/tvtecjundiai.com.br\/news\/wp-json\/wp\/v2\/media?parent=109299"}],"wp:term":[{"taxonomy":"category","embeddable":true,"href":"https:\/\/tvtecjundiai.com.br\/news\/wp-json\/wp\/v2\/categories?post=109299"},{"taxonomy":"post_tag","embeddable":true,"href":"https:\/\/tvtecjundiai.com.br\/news\/wp-json\/wp\/v2\/tags?post=109299"}],"curies":[{"name":"wp","href":"https:\/\/api.w.org\/{rel}","templated":true}]}}