{"id":109308,"date":"2023-05-18T09:48:42","date_gmt":"2023-05-18T12:48:42","guid":{"rendered":"https:\/\/tvtecjundiai.com.br\/news\/?p=109308"},"modified":"2023-05-18T09:48:43","modified_gmt":"2023-05-18T12:48:43","slug":"quase-prontos-novos-onibus-chegarao-para-renovar-e-ampliar-a-frota-de-jundiai","status":"publish","type":"post","link":"https:\/\/tvtecjundiai.com.br\/news\/2023\/05\/18\/quase-prontos-novos-onibus-chegarao-para-renovar-e-ampliar-a-frota-de-jundiai\/","title":{"rendered":"Quase prontos, novos \u00f4nibus chegar\u00e3o para renovar e ampliar a frota de Jundia\u00ed"},"content":{"rendered":"\n<p>Com o maior investimento e maior quantidade a ser entregue de uma s\u00f3 vez, a frota de \u00f4nibus de Jundia\u00ed ser\u00e1 renovada e ampliada ainda neste primeiro semestre. Ser\u00e3o 68 novos ve\u00edculos que est\u00e3o sendo preparados para serem incorporados no Sistema Integrado de Transporte Urbano (SITU). Para acompanhar a produ\u00e7\u00e3o, nesta quarta-feira (17), o gestor de Governo e Finan\u00e7as, Jos\u00e9 Antonio Parimoschi, acompanhado do gestor de Mobilidade e Transporte, Aloysio Queiroz, gestor de Inova\u00e7\u00e3o e Rela\u00e7\u00e3o com o Cidad\u00e3o, Thiago Maia, e de equipes do departamento de Transportes da Prefeitura de Jundia\u00ed visitaram a montadora, em Botucatu.<\/p>\n\n\n\n<p>Todos os \u00f4nibus ter\u00e3o ar condicionado, carregadores para celular, entre outros itens. \u201cO principal objetivo do programa Mobilidade Total, criado pelo prefeito Luiz Fernando Machado, \u00e9 implantar a\u00e7\u00f5es e investir para um servi\u00e7o de qualidade e eficiente no transporte coletivo, estimulando a popula\u00e7\u00e3o a utiliz\u00e1-lo, com conforto, j\u00e1 que al\u00e9m de renovar a frota, parte dos ve\u00edculos ser\u00e1 utilizada para cria\u00e7\u00e3o de novas linhas\u201d, afirma Jos\u00e9 Antonio Parimoschi, ressaltando que o trabalho de inova\u00e7\u00e3o \u00e9 importante tamb\u00e9m para Jundia\u00ed se tornar, cada vez mais, uma cidade inteligente e sustent\u00e1vel.<\/p>\n\n\n<div class=\"wp-block-image\">\n<figure class=\"aligncenter size-large\"><img loading=\"lazy\" decoding=\"async\" width=\"1200\" height=\"789\" src=\"https:\/\/tvtecjundiai.com.br\/news\/wp-content\/uploads\/sites\/2\/2023\/05\/visita-a-montadora-de-onibus-em-botucatu-1280x842-1-1200x789.jpg\" alt=\"\" class=\"wp-image-109311\" srcset=\"https:\/\/tvtecjundiai.com.br\/news\/wp-content\/uploads\/sites\/2\/2023\/05\/visita-a-montadora-de-onibus-em-botucatu-1280x842-1-1200x789.jpg 1200w, https:\/\/tvtecjundiai.com.br\/news\/wp-content\/uploads\/sites\/2\/2023\/05\/visita-a-montadora-de-onibus-em-botucatu-1280x842-1-300x197.jpg 300w, https:\/\/tvtecjundiai.com.br\/news\/wp-content\/uploads\/sites\/2\/2023\/05\/visita-a-montadora-de-onibus-em-botucatu-1280x842-1-768x505.jpg 768w, https:\/\/tvtecjundiai.com.br\/news\/wp-content\/uploads\/sites\/2\/2023\/05\/visita-a-montadora-de-onibus-em-botucatu-1280x842-1.jpg 1280w\" sizes=\"auto, (max-width: 1200px) 100vw, 1200px\" \/><figcaption class=\"wp-element-caption\">\u00d4nibus est\u00e3o sendo preparados com ar condicionado e carregadores de celular, entre outras tecnologias<\/figcaption><\/figure>\n<\/div>\n\n\n<p>Em 2023, quando o SITU completa 20 anos de cria\u00e7\u00e3o, a comemora\u00e7\u00e3o contar\u00e1 com v\u00e1rios investimentos. \u201cNesses anos, a frota foi se modernizando, sendo atualmente, composta por 100% de ve\u00edculos adaptados e acess\u00edveis aos cadeirantes, e estamos em fase de teste do wi-fi nos \u00f4nibus\u201d, comenta o gestor da UGMT, Aloysio Queiroz.<\/p>\n\n\n\n<p>Com parceria entre a Prefeitura de Jundia\u00ed e as empresas concession\u00e1rias de \u00f4nibus, os novos ve\u00edculos permitir\u00e3o a implanta\u00e7\u00e3o de novas linhas que j\u00e1 est\u00e3o em estudo. \u201cO cidad\u00e3o tem o direito de ir e vir, previsto na Constitui\u00e7\u00e3o, ent\u00e3o queremos investir para que esse direito seja oferecido com respeito e dignidade\u201d, explica a coordenadora do departamento jur\u00eddico das empresas concession\u00e1rias do SITU, Roberta Russo.<\/p>\n\n\n\n<figure class=\"wp-block-gallery has-nested-images columns-default is-cropped wp-block-gallery-1 is-layout-flex wp-block-gallery-is-layout-flex\">\n<figure class=\"wp-block-image size-large\"><img loading=\"lazy\" decoding=\"async\" width=\"1200\" height=\"775\" data-id=\"109312\" src=\"https:\/\/tvtecjundiai.com.br\/news\/wp-content\/uploads\/sites\/2\/2023\/05\/visita-empresa-de-onibus-em-botucatu-1-1280x827-1-1200x775.jpg\" alt=\"\" class=\"wp-image-109312\" srcset=\"https:\/\/tvtecjundiai.com.br\/news\/wp-content\/uploads\/sites\/2\/2023\/05\/visita-empresa-de-onibus-em-botucatu-1-1280x827-1-1200x775.jpg 1200w, https:\/\/tvtecjundiai.com.br\/news\/wp-content\/uploads\/sites\/2\/2023\/05\/visita-empresa-de-onibus-em-botucatu-1-1280x827-1-300x194.jpg 300w, https:\/\/tvtecjundiai.com.br\/news\/wp-content\/uploads\/sites\/2\/2023\/05\/visita-empresa-de-onibus-em-botucatu-1-1280x827-1-768x496.jpg 768w, https:\/\/tvtecjundiai.com.br\/news\/wp-content\/uploads\/sites\/2\/2023\/05\/visita-empresa-de-onibus-em-botucatu-1-1280x827-1.jpg 1280w\" sizes=\"auto, (max-width: 1200px) 100vw, 1200px\" \/><figcaption class=\"wp-element-caption\">68 novos \u00f4nibus para\u2026<\/figcaption><\/figure>\n\n\n\n<figure class=\"wp-block-image size-large\"><img loading=\"lazy\" decoding=\"async\" width=\"1200\" height=\"771\" data-id=\"109313\" src=\"https:\/\/tvtecjundiai.com.br\/news\/wp-content\/uploads\/sites\/2\/2023\/05\/visita-a-empresa-de-onibus-botucatu-1280x822-1-1200x771.jpg\" alt=\"\" class=\"wp-image-109313\" srcset=\"https:\/\/tvtecjundiai.com.br\/news\/wp-content\/uploads\/sites\/2\/2023\/05\/visita-a-empresa-de-onibus-botucatu-1280x822-1-1200x771.jpg 1200w, https:\/\/tvtecjundiai.com.br\/news\/wp-content\/uploads\/sites\/2\/2023\/05\/visita-a-empresa-de-onibus-botucatu-1280x822-1-300x193.jpg 300w, https:\/\/tvtecjundiai.com.br\/news\/wp-content\/uploads\/sites\/2\/2023\/05\/visita-a-empresa-de-onibus-botucatu-1280x822-1-768x493.jpg 768w, https:\/\/tvtecjundiai.com.br\/news\/wp-content\/uploads\/sites\/2\/2023\/05\/visita-a-empresa-de-onibus-botucatu-1280x822-1.jpg 1280w\" sizes=\"auto, (max-width: 1200px) 100vw, 1200px\" \/><figcaption class=\"wp-element-caption\">\u2026 renova\u00e7\u00e3o da frota e\u2026<\/figcaption><\/figure>\n\n\n\n<figure class=\"wp-block-image size-large\"><img loading=\"lazy\" decoding=\"async\" width=\"1200\" height=\"774\" data-id=\"109314\" src=\"https:\/\/tvtecjundiai.com.br\/news\/wp-content\/uploads\/sites\/2\/2023\/05\/visita-a-empresa-de-onibus-em-botucatu-1280x826-1-1200x774.jpg\" alt=\"\" class=\"wp-image-109314\" srcset=\"https:\/\/tvtecjundiai.com.br\/news\/wp-content\/uploads\/sites\/2\/2023\/05\/visita-a-empresa-de-onibus-em-botucatu-1280x826-1-1200x774.jpg 1200w, https:\/\/tvtecjundiai.com.br\/news\/wp-content\/uploads\/sites\/2\/2023\/05\/visita-a-empresa-de-onibus-em-botucatu-1280x826-1-300x194.jpg 300w, https:\/\/tvtecjundiai.com.br\/news\/wp-content\/uploads\/sites\/2\/2023\/05\/visita-a-empresa-de-onibus-em-botucatu-1280x826-1-768x496.jpg 768w, https:\/\/tvtecjundiai.com.br\/news\/wp-content\/uploads\/sites\/2\/2023\/05\/visita-a-empresa-de-onibus-em-botucatu-1280x826-1.jpg 1280w\" sizes=\"auto, (max-width: 1200px) 100vw, 1200px\" \/><figcaption class=\"wp-element-caption\">\u2026 cria\u00e7\u00e3o de novas linhas<\/figcaption><\/figure>\n<\/figure>\n\n\n\n<p><strong><em>(Fonte\/Imagem: Prefeitura de Jundia\u00ed)<\/em><\/strong><\/p>\n","protected":false},"excerpt":{"rendered":"<p>\u00d4nibus est\u00e3o sendo preparados com ar condicionado e carregadores de celular, entre outras tecnologias<\/p>\n","protected":false},"author":30,"featured_media":109312,"comment_status":"closed","ping_status":"0","sticky":false,"template":"","format":"standard","meta":{"footnotes":""},"categories":[8356,1,3059],"tags":[],"class_list":["post-109308","post","type-post","status-publish","format-standard","has-post-thumbnail","hentry","category-jundiai","category-noticias","category-transportes"],"_links":{"self":[{"href":"https:\/\/tvtecjundiai.com.br\/news\/wp-json\/wp\/v2\/posts\/109308","targetHints":{"allow":["GET"]}}],"collection":[{"href":"https:\/\/tvtecjundiai.com.br\/news\/wp-json\/wp\/v2\/posts"}],"about":[{"href":"https:\/\/tvtecjundiai.com.br\/news\/wp-json\/wp\/v2\/types\/post"}],"author":[{"embeddable":true,"href":"https:\/\/tvtecjundiai.com.br\/news\/wp-json\/wp\/v2\/users\/30"}],"replies":[{"embeddable":true,"href":"https:\/\/tvtecjundiai.com.br\/news\/wp-json\/wp\/v2\/comments?post=109308"}],"version-history":[{"count":1,"href":"https:\/\/tvtecjundiai.com.br\/news\/wp-json\/wp\/v2\/posts\/109308\/revisions"}],"predecessor-version":[{"id":109315,"href":"https:\/\/tvtecjundiai.com.br\/news\/wp-json\/wp\/v2\/posts\/109308\/revisions\/109315"}],"wp:featuredmedia":[{"embeddable":true,"href":"https:\/\/tvtecjundiai.com.br\/news\/wp-json\/wp\/v2\/media\/109312"}],"wp:attachment":[{"href":"https:\/\/tvtecjundiai.com.br\/news\/wp-json\/wp\/v2\/media?parent=109308"}],"wp:term":[{"taxonomy":"category","embeddable":true,"href":"https:\/\/tvtecjundiai.com.br\/news\/wp-json\/wp\/v2\/categories?post=109308"},{"taxonomy":"post_tag","embeddable":true,"href":"https:\/\/tvtecjundiai.com.br\/news\/wp-json\/wp\/v2\/tags?post=109308"}],"curies":[{"name":"wp","href":"https:\/\/api.w.org\/{rel}","templated":true}]}}