{"id":109321,"date":"2023-05-18T10:28:51","date_gmt":"2023-05-18T13:28:51","guid":{"rendered":"https:\/\/tvtecjundiai.com.br\/news\/?p=109321"},"modified":"2023-05-18T10:28:52","modified_gmt":"2023-05-18T13:28:52","slug":"nome-de-irma-dulce-e-incluido-no-livro-de-herois-e-heroinas-da-patria","status":"publish","type":"post","link":"https:\/\/tvtecjundiai.com.br\/news\/2023\/05\/18\/nome-de-irma-dulce-e-incluido-no-livro-de-herois-e-heroinas-da-patria\/","title":{"rendered":"Nome de irm\u00e3 Dulce \u00e9 inclu\u00eddo no Livro de Her\u00f3is e Hero\u00ednas da P\u00e1tria"},"content":{"rendered":"\n<p>O nome da religiosa baiana Maria Rita de Souza Brito Lopes Pontes, nome de batismo de irm\u00e3 Dulce, foi inclu\u00eddo no Livro dos Her\u00f3is e Hero\u00ednas da P\u00e1tria, que fica no Pante\u00e3o da P\u00e1tria e da Liberdade, em Bras\u00edlia. A lei foi sancionada e publicada nesta quarta-feira (17) no Di\u00e1rio Oficial da Uni\u00e3o.<\/p>\n\n\n\n<p>A religiosa nasceu em Salvador em 26 de maio de 1914. Aos 13 anos, com o apoio do pai, come\u00e7ou a acolher mendigos e doentes em casa, transformando a resid\u00eancia da fam\u00edlia em um centro de atendimento \u00e0 popula\u00e7\u00e3o carente. Em 1933, na Congrega\u00e7\u00e3o das Irm\u00e3s Mission\u00e1rias da Imaculada Concei\u00e7\u00e3o da M\u00e3e de Deus, recebeu o h\u00e1bito e adotou, em homenagem \u00e0 m\u00e3e, o nome de irm\u00e3 Dulce.<\/p>\n\n\n<div class=\"wp-block-image\">\n<figure class=\"aligncenter size-large is-resized\"><img loading=\"lazy\" decoding=\"async\" src=\"https:\/\/tvtecjundiai.com.br\/news\/wp-content\/uploads\/sites\/2\/2023\/05\/santa-dulce-dos-pobres-brasil-819x960.jpg\" alt=\"\" class=\"wp-image-109322\" width=\"540\" height=\"633\" srcset=\"https:\/\/tvtecjundiai.com.br\/news\/wp-content\/uploads\/sites\/2\/2023\/05\/santa-dulce-dos-pobres-brasil-819x960.jpg 819w, https:\/\/tvtecjundiai.com.br\/news\/wp-content\/uploads\/sites\/2\/2023\/05\/santa-dulce-dos-pobres-brasil-300x352.jpg 300w, https:\/\/tvtecjundiai.com.br\/news\/wp-content\/uploads\/sites\/2\/2023\/05\/santa-dulce-dos-pobres-brasil-768x901.jpg 768w, https:\/\/tvtecjundiai.com.br\/news\/wp-content\/uploads\/sites\/2\/2023\/05\/santa-dulce-dos-pobres-brasil.jpg 1280w\" sizes=\"auto, (max-width: 540px) 100vw, 540px\" \/><\/figure>\n<\/div>\n\n\n<p><\/p>\n\n\n\n<p>Em 1949, sem ter para onde ir com 70 doentes, a freira pediu autoriza\u00e7\u00e3o \u00e0 sua superiora para abrigar os enfermos em um galinheiro pr\u00f3ximo ao Convento Santo Ant\u00f4nio, na capital baiana. O epis\u00f3dio, que marca as ra\u00edzes da institui\u00e7\u00e3o Obras Sociais Irm\u00e3 Dulce, fez surgir a tradi\u00e7\u00e3o de que o maior hospital da Bahia nasceu a partir de um galinheiro.<\/p>\n\n\n\n<p>Irm\u00e3 Dulce se manteve firme em sua miss\u00e3o de servir aos mais necessitados at\u00e9 falecer, aos 77 anos. No dia 13 de outubro de 2019, 27 anos ap\u00f3s a morte da religiosa, ela foi canonizada pela Igreja Cat\u00f3lica e proclamada Santa Dulce dos Pobres, a primeira santa brasileira nata.<\/p>\n\n\n\n<p><em><strong>(Fonte: Ag\u00eancia Brasil\/Imagem: Divulga\u00e7\u00e3o\/Senado Federal)<\/strong><\/em><\/p>\n","protected":false},"excerpt":{"rendered":"<p>A lei foi sancionada e publicada nesta quarta-feira (17) no Di\u00e1rio Oficial da Uni\u00e3o<\/p>\n","protected":false},"author":30,"featured_media":109323,"comment_status":"closed","ping_status":"0","sticky":false,"template":"","format":"standard","meta":{"footnotes":""},"categories":[1],"tags":[],"class_list":["post-109321","post","type-post","status-publish","format-standard","has-post-thumbnail","hentry","category-noticias"],"_links":{"self":[{"href":"https:\/\/tvtecjundiai.com.br\/news\/wp-json\/wp\/v2\/posts\/109321","targetHints":{"allow":["GET"]}}],"collection":[{"href":"https:\/\/tvtecjundiai.com.br\/news\/wp-json\/wp\/v2\/posts"}],"about":[{"href":"https:\/\/tvtecjundiai.com.br\/news\/wp-json\/wp\/v2\/types\/post"}],"author":[{"embeddable":true,"href":"https:\/\/tvtecjundiai.com.br\/news\/wp-json\/wp\/v2\/users\/30"}],"replies":[{"embeddable":true,"href":"https:\/\/tvtecjundiai.com.br\/news\/wp-json\/wp\/v2\/comments?post=109321"}],"version-history":[{"count":1,"href":"https:\/\/tvtecjundiai.com.br\/news\/wp-json\/wp\/v2\/posts\/109321\/revisions"}],"predecessor-version":[{"id":109324,"href":"https:\/\/tvtecjundiai.com.br\/news\/wp-json\/wp\/v2\/posts\/109321\/revisions\/109324"}],"wp:featuredmedia":[{"embeddable":true,"href":"https:\/\/tvtecjundiai.com.br\/news\/wp-json\/wp\/v2\/media\/109323"}],"wp:attachment":[{"href":"https:\/\/tvtecjundiai.com.br\/news\/wp-json\/wp\/v2\/media?parent=109321"}],"wp:term":[{"taxonomy":"category","embeddable":true,"href":"https:\/\/tvtecjundiai.com.br\/news\/wp-json\/wp\/v2\/categories?post=109321"},{"taxonomy":"post_tag","embeddable":true,"href":"https:\/\/tvtecjundiai.com.br\/news\/wp-json\/wp\/v2\/tags?post=109321"}],"curies":[{"name":"wp","href":"https:\/\/api.w.org\/{rel}","templated":true}]}}