{"id":109330,"date":"2023-05-18T12:07:06","date_gmt":"2023-05-18T15:07:06","guid":{"rendered":"https:\/\/tvtecjundiai.com.br\/news\/?p=109330"},"modified":"2023-05-18T12:07:07","modified_gmt":"2023-05-18T15:07:07","slug":"cultura-da-inicio-ao-4o-festival-de-curtas-metragens-com-exibicoes-gratuitas","status":"publish","type":"post","link":"https:\/\/tvtecjundiai.com.br\/news\/2023\/05\/18\/cultura-da-inicio-ao-4o-festival-de-curtas-metragens-com-exibicoes-gratuitas\/","title":{"rendered":"Cultura d\u00e1 in\u00edcio ao 4\u00ba Festival de Curtas-Metragens com exibi\u00e7\u00f5es gratuitas"},"content":{"rendered":"\n<p>A Unidade de Gest\u00e3o de Cultura (UGC) deu in\u00edcio, na noite dessa quarta-feira (17), ao&nbsp;<a href=\"https:\/\/cultura.jundiai.sp.gov.br\/festivaldecurtas\/\" target=\"_blank\" rel=\"noreferrer noopener\">Festival de Curtas-Metragens<\/a>&nbsp;deste ano, que chega \u00e0 sua quarta edi\u00e7\u00e3o e com programa\u00e7\u00e3o gratuita at\u00e9 o dia 28 de maio, em parceria com a C\u00e2mara Setorial do Audiovisual e Cultura Digital do Conselho Municipal de Pol\u00edtica Cultural (CMPC) e patroc\u00ednio do Moviecom Cinemas.<\/p>\n\n\n\n<p>A abertura foi realizada no audit\u00f3rio da Biblioteca Municipal Professor Nelson Foot e ficou por conta da exibi\u00e7\u00e3o de estreia de \u201cEpifanias do Fim do Mundo\u201d, curta-metragem contemplado pelo Programa de A\u00e7\u00e3o Cultural (ProAC), da Secretaria Estadual de Cultura e Economia Criativa, e que narra a solid\u00e3o de uma mulher trancada em um apartamento e que transita entre mem\u00f3rias, ancestralidade e a dura realidade da pandemia de Covid-19. Na sequ\u00eancia da exibi\u00e7\u00e3o, os participantes tiveram um bate-papo com M\u00f4nica Negro e Valquiria Vieira, artistas que estrelam o trabalho.<\/p>\n\n\n\n<p>\u201cO Festival surgiu de uma demanda do CMPC e a cada edi\u00e7\u00e3o tem sido aprimorado em seu formato, promovendo cada vez mais o interc\u00e2mbio art\u00edstico e o fomento a essa linguagem, inclusive de artistas de Jundia\u00ed, que contam com uma premia\u00e7\u00e3o espec\u00edfica, o \u2018Curta Jundia\u00ed\u2019. Contamos ainda com as exibi\u00e7\u00f5es de trabalhos contemplados com ProAC, que trazem a chancela estadual, e a parceria com a Moviecom, que agrega uma estrutura de cinema e d\u00e1 proje\u00e7\u00e3o ao Festival. Com formato de mostra, podemos dizer ainda que o Festival \u00e9 um pr\u00f3logo do que ser\u00e1 a Lei Paulo Gustavo, no que diz respeito ao fomento \u00e0 produ\u00e7\u00e3o audiovisual\u201d, comentou o diretor do Departamento de Cultura da UGC, Jo\u00e3o Carlos De Luca.<\/p>\n\n\n<div class=\"wp-block-image\">\n<figure class=\"aligncenter size-large\"><img loading=\"lazy\" decoding=\"async\" width=\"1200\" height=\"801\" src=\"https:\/\/tvtecjundiai.com.br\/news\/wp-content\/uploads\/sites\/2\/2023\/05\/4o-festival_de_curtas_abertura_oficial-31-1280x854-1-1200x801.jpg\" alt=\"\" class=\"wp-image-109332\" srcset=\"https:\/\/tvtecjundiai.com.br\/news\/wp-content\/uploads\/sites\/2\/2023\/05\/4o-festival_de_curtas_abertura_oficial-31-1280x854-1-1200x801.jpg 1200w, https:\/\/tvtecjundiai.com.br\/news\/wp-content\/uploads\/sites\/2\/2023\/05\/4o-festival_de_curtas_abertura_oficial-31-1280x854-1-300x200.jpg 300w, https:\/\/tvtecjundiai.com.br\/news\/wp-content\/uploads\/sites\/2\/2023\/05\/4o-festival_de_curtas_abertura_oficial-31-1280x854-1-768x512.jpg 768w, https:\/\/tvtecjundiai.com.br\/news\/wp-content\/uploads\/sites\/2\/2023\/05\/4o-festival_de_curtas_abertura_oficial-31-1280x854-1.jpg 1280w\" sizes=\"auto, (max-width: 1200px) 100vw, 1200px\" \/><figcaption class=\"wp-element-caption\">Cultura d\u00e1 in\u00edcio ao 4\u00ba Festival de Curtas-Metragens com exibi\u00e7\u00f5es gratuitas<\/figcaption><\/figure>\n<\/div>\n\n\n<p><strong>Mais programa\u00e7\u00e3o<br><\/strong>Nesta quinta-feira (18), a programa\u00e7\u00e3o traz mais um curta-metragem contemplado pelo ProAC. Com exibi\u00e7\u00e3o tamb\u00e9m \u00e0s 19h na Biblioteca Muncipal, ser\u00e1 a vez de \u201cCaf\u00e9 \u2013 um dedo de prosa\u201d, atividade seguida da exposi\u00e7\u00e3o dos desenhos originais utilizados na produ\u00e7\u00e3o e um bate-papo com diretor Mauricio Squarisi.<\/p>\n\n\n\n<p>J\u00e1 a&nbsp;<a href=\"https:\/\/cultura.jundiai.sp.gov.br\/festivaldecurtas\/mostra-competitiva\/\" target=\"_blank\" rel=\"noreferrer noopener\">Mostra Competitiva<\/a>&nbsp;traz a exibi\u00e7\u00e3o dos 24 trabalhos selecionados, em sess\u00f5es no Moviecom Cinemas do Maxi Shopping. As sess\u00f5es programadas s\u00e3o: na sexta-feira (19), \u00e0s 19h, na sala 1; no s\u00e1bado (20), \u00e0s 11h e \u00e0s 17h40, ambas na sala 7; e no domingo (21), \u00e0s 11h, novamente na sala 1. Cada sess\u00e3o contar\u00e1 com a exibi\u00e7\u00e3o de seis curtas-metragens e entrada gratuita.<\/p>\n\n\n\n<p>Ainda pela Competitiva, ser\u00e1 realizada ainda uma sess\u00e3o extra, no domingo (28), \u00e0s 11h, na sala 1 do Moviecom, com a Cerim\u00f4nia de Premia\u00e7\u00e3o e entrega de Trof\u00e9us, e exibi\u00e7\u00e3o dos trabalhos vencedores.<\/p>\n\n\n\n<p>J\u00e1 pela&nbsp;<a href=\"https:\/\/cultura.jundiai.sp.gov.br\/festivaldecurtas\/mostra-paralela\/\" target=\"_blank\" rel=\"noreferrer noopener\">Mostra Paralela<\/a>, as exibi\u00e7\u00f5es dos oito curtas-metragens selecionados ser\u00e3o feitas pelos canais da Cultura no Facebook e YouTube, ao longo da semana.<\/p>\n\n\n<div class=\"wp-block-image\">\n<figure class=\"aligncenter size-large is-resized\"><img loading=\"lazy\" decoding=\"async\" src=\"https:\/\/tvtecjundiai.com.br\/news\/wp-content\/uploads\/sites\/2\/2023\/05\/festival-de-curtas_complexo-fepasa-56-1200x801.jpg\" alt=\"\" class=\"wp-image-109333\" width=\"749\" height=\"499\" srcset=\"https:\/\/tvtecjundiai.com.br\/news\/wp-content\/uploads\/sites\/2\/2023\/05\/festival-de-curtas_complexo-fepasa-56-1200x801.jpg 1200w, https:\/\/tvtecjundiai.com.br\/news\/wp-content\/uploads\/sites\/2\/2023\/05\/festival-de-curtas_complexo-fepasa-56-300x200.jpg 300w, https:\/\/tvtecjundiai.com.br\/news\/wp-content\/uploads\/sites\/2\/2023\/05\/festival-de-curtas_complexo-fepasa-56-768x512.jpg 768w, https:\/\/tvtecjundiai.com.br\/news\/wp-content\/uploads\/sites\/2\/2023\/05\/festival-de-curtas_complexo-fepasa-56.jpg 1280w\" sizes=\"auto, (max-width: 749px) 100vw, 749px\" \/><\/figure>\n<\/div>\n\n\n<p>No fim de semana, a programa\u00e7\u00e3o do Festival traz ainda o&nbsp;<a href=\"https:\/\/cultura.jundiai.sp.gov.br\/festivaldecurtas\/workshops\/\" target=\"_blank\" rel=\"noreferrer noopener\">workshop de Dire\u00e7\u00e3o de Arte no Audiovisual<\/a>. Com 20 vagas gratuitas dispon\u00edveis para inscri\u00e7\u00e3o, a atividade ser\u00e1 mediada por M\u00f4nica Palazzo, tamb\u00e9m na Biblioteca Municipal.<\/p>\n\n\n\n<p>Os detalhes da programa\u00e7\u00e3o podem ser consultados no\u00a0<a rel=\"noreferrer noopener\" href=\"https:\/\/cultura.jundiai.sp.gov.br\/festivaldecurtas\/\" target=\"_blank\">site oficial do Festival<\/a>.<\/p>\n\n\n\n<p><em><strong>(Fonte\/Imagem: Prefeitura de Jundia\u00ed)<\/strong><\/em><\/p>\n","protected":false},"excerpt":{"rendered":"<p>Cultura d\u00e1 in\u00edcio ao 4\u00ba Festival de Curtas-Metragens com exibi\u00e7\u00f5es gratuitas<\/p>\n","protected":false},"author":30,"featured_media":109333,"comment_status":"closed","ping_status":"0","sticky":false,"template":"","format":"standard","meta":{"footnotes":""},"categories":[2833,8356,1],"tags":[],"class_list":["post-109330","post","type-post","status-publish","format-standard","has-post-thumbnail","hentry","category-cultura","category-jundiai","category-noticias"],"_links":{"self":[{"href":"https:\/\/tvtecjundiai.com.br\/news\/wp-json\/wp\/v2\/posts\/109330","targetHints":{"allow":["GET"]}}],"collection":[{"href":"https:\/\/tvtecjundiai.com.br\/news\/wp-json\/wp\/v2\/posts"}],"about":[{"href":"https:\/\/tvtecjundiai.com.br\/news\/wp-json\/wp\/v2\/types\/post"}],"author":[{"embeddable":true,"href":"https:\/\/tvtecjundiai.com.br\/news\/wp-json\/wp\/v2\/users\/30"}],"replies":[{"embeddable":true,"href":"https:\/\/tvtecjundiai.com.br\/news\/wp-json\/wp\/v2\/comments?post=109330"}],"version-history":[{"count":1,"href":"https:\/\/tvtecjundiai.com.br\/news\/wp-json\/wp\/v2\/posts\/109330\/revisions"}],"predecessor-version":[{"id":109334,"href":"https:\/\/tvtecjundiai.com.br\/news\/wp-json\/wp\/v2\/posts\/109330\/revisions\/109334"}],"wp:featuredmedia":[{"embeddable":true,"href":"https:\/\/tvtecjundiai.com.br\/news\/wp-json\/wp\/v2\/media\/109333"}],"wp:attachment":[{"href":"https:\/\/tvtecjundiai.com.br\/news\/wp-json\/wp\/v2\/media?parent=109330"}],"wp:term":[{"taxonomy":"category","embeddable":true,"href":"https:\/\/tvtecjundiai.com.br\/news\/wp-json\/wp\/v2\/categories?post=109330"},{"taxonomy":"post_tag","embeddable":true,"href":"https:\/\/tvtecjundiai.com.br\/news\/wp-json\/wp\/v2\/tags?post=109330"}],"curies":[{"name":"wp","href":"https:\/\/api.w.org\/{rel}","templated":true}]}}