{"id":109359,"date":"2023-05-18T14:40:46","date_gmt":"2023-05-18T17:40:46","guid":{"rendered":"https:\/\/tvtecjundiai.com.br\/news\/?p=109359"},"modified":"2023-05-18T14:40:47","modified_gmt":"2023-05-18T17:40:47","slug":"enem-e-encceja-2023-terao-cartao-resposta-com-fonte-ampliada","status":"publish","type":"post","link":"https:\/\/tvtecjundiai.com.br\/news\/2023\/05\/18\/enem-e-encceja-2023-terao-cartao-resposta-com-fonte-ampliada\/","title":{"rendered":"Enem e Encceja 2023 ter\u00e3o cart\u00e3o-resposta com fonte ampliada"},"content":{"rendered":"\n<p>O Instituto Nacional de Estudos e Pesquisas Educacionais An\u00edsio Teixeira (Inep) ampliou a fonte do cart\u00e3o-resposta das edi\u00e7\u00f5es de 2023 do Exame Nacional do Ensino M\u00e9dio (Enem) e do Exame Nacional para Certifica\u00e7\u00e3o de Compet\u00eancias de Jovens e Adultos (Encceja).<\/p>\n\n\n\n<p>Com o aumento do tamanho da letra, os cart\u00f5es-respostas dos dois exames ser\u00e3o mais acess\u00edveis a pessoas com defici\u00eancia visual. O objetivo da medida \u00e9 proporcionar mais autonomia e, consequentemente, isonomia aos participantes das provas.<\/p>\n\n\n\n<p>Todos os candidatos devem preencher o cart\u00e3o-resposta com base nas alternativas que consideram corretas em cada quest\u00e3o do exame.<\/p>\n\n\n\n<p>A aplica\u00e7\u00e3o-piloto com a fonte ampliada pelo Inep foi no Exame Nacional de Revalida\u00e7\u00e3o de Diplomas M\u00e9dicos Expedidos por Institui\u00e7\u00e3o de Educa\u00e7\u00e3o Superior Estrangeira (Revalida).<\/p>\n\n\n<div class=\"wp-block-image\">\n<figure class=\"aligncenter size-full\"><img loading=\"lazy\" decoding=\"async\" width=\"1170\" height=\"700\" src=\"https:\/\/tvtecjundiai.com.br\/news\/wp-content\/uploads\/sites\/2\/2023\/05\/enem-encceja.jpg\" alt=\"\" class=\"wp-image-109360\" srcset=\"https:\/\/tvtecjundiai.com.br\/news\/wp-content\/uploads\/sites\/2\/2023\/05\/enem-encceja.jpg 1170w, https:\/\/tvtecjundiai.com.br\/news\/wp-content\/uploads\/sites\/2\/2023\/05\/enem-encceja-300x179.jpg 300w, https:\/\/tvtecjundiai.com.br\/news\/wp-content\/uploads\/sites\/2\/2023\/05\/enem-encceja-768x459.jpg 768w\" sizes=\"auto, (max-width: 1170px) 100vw, 1170px\" \/><figcaption class=\"wp-element-caption\">Foto: Wilson Dias\/Ag\u00eancia Brasil<\/figcaption><\/figure>\n<\/div>\n\n\n<p><\/p>\n\n\n\n<p><strong>O que muda<\/strong><\/p>\n\n\n\n<p>O cart\u00e3o-resposta de cada uma das duas avalia\u00e7\u00f5es que, at\u00e9 ent\u00e3o, era impresso em fonte padr\u00e3o<\/p>\n\n\n\n<p>(tamanho 12) para todos os participantes, agora, com a adapta\u00e7\u00e3o a pessoas com baixa vis\u00e3o, ter\u00e1 a fonte de tamanho 18.<\/p>\n\n\n\n<p>Mudar\u00e1 tamb\u00e9m o tamanho do papel. As impress\u00f5es &#8211; tanto do cart\u00e3o-resposta como da Folha de Reda\u00e7\u00e3o do Enem e do Encceja v\u00e3o ser em folhas do tipo A3, com as dimens\u00f5es de 297 x 420mm.<\/p>\n\n\n\n<p>No caso da Folha de Reda\u00e7\u00e3o, para manter a semelhan\u00e7a com a folha regular (papel A4, com 297 x 210mm), o papel ampliado conter\u00e1 25 linhas para a reda\u00e7\u00e3o do Encceja e 30 linhas para a reda\u00e7\u00e3o do Enem e Encceja Ensino M\u00e9dio, com espa\u00e7amento 1,5 cm.<\/p>\n\n\n\n<p>No ato de inscri\u00e7\u00e3o, o candidato poder\u00e1 optar pelo cart\u00e3o-resposta ampliado, mas perder\u00e1 o direito de ter aux\u00edlio para transcri\u00e7\u00e3o das respostas. Para quem escolher o cart\u00e3o do tamanho regular, continuar\u00e1 a ter dispon\u00edvel a op\u00e7\u00e3o do aux\u00edlio de um transcritor. De acordo com cronograma do INEP, os interessados em participar do Encceja 2023 poder\u00e3o se inscrever de 22 de maio a 2 de junho. J\u00e1 as inscri\u00e7\u00f5es para o Enem 2023 ser\u00e3o de 5 a 16 de junho.<\/p>\n\n\n\n<p><strong><em>(Fonte: Ag\u00eancia Brasil\/Imagem: Wilson Dias\/Ag\u00eancia Brasil)<\/em><\/strong><\/p>\n","protected":false},"excerpt":{"rendered":"<p>Medida foi adotada para tornar os exames mais acess\u00edveis para pessoas com defici\u00eancia visual<\/p>\n","protected":false},"author":30,"featured_media":109360,"comment_status":"closed","ping_status":"0","sticky":false,"template":"","format":"standard","meta":{"footnotes":""},"categories":[2828,5706,1],"tags":[],"class_list":["post-109359","post","type-post","status-publish","format-standard","has-post-thumbnail","hentry","category-educacao","category-inclusao","category-noticias"],"_links":{"self":[{"href":"https:\/\/tvtecjundiai.com.br\/news\/wp-json\/wp\/v2\/posts\/109359","targetHints":{"allow":["GET"]}}],"collection":[{"href":"https:\/\/tvtecjundiai.com.br\/news\/wp-json\/wp\/v2\/posts"}],"about":[{"href":"https:\/\/tvtecjundiai.com.br\/news\/wp-json\/wp\/v2\/types\/post"}],"author":[{"embeddable":true,"href":"https:\/\/tvtecjundiai.com.br\/news\/wp-json\/wp\/v2\/users\/30"}],"replies":[{"embeddable":true,"href":"https:\/\/tvtecjundiai.com.br\/news\/wp-json\/wp\/v2\/comments?post=109359"}],"version-history":[{"count":1,"href":"https:\/\/tvtecjundiai.com.br\/news\/wp-json\/wp\/v2\/posts\/109359\/revisions"}],"predecessor-version":[{"id":109361,"href":"https:\/\/tvtecjundiai.com.br\/news\/wp-json\/wp\/v2\/posts\/109359\/revisions\/109361"}],"wp:featuredmedia":[{"embeddable":true,"href":"https:\/\/tvtecjundiai.com.br\/news\/wp-json\/wp\/v2\/media\/109360"}],"wp:attachment":[{"href":"https:\/\/tvtecjundiai.com.br\/news\/wp-json\/wp\/v2\/media?parent=109359"}],"wp:term":[{"taxonomy":"category","embeddable":true,"href":"https:\/\/tvtecjundiai.com.br\/news\/wp-json\/wp\/v2\/categories?post=109359"},{"taxonomy":"post_tag","embeddable":true,"href":"https:\/\/tvtecjundiai.com.br\/news\/wp-json\/wp\/v2\/tags?post=109359"}],"curies":[{"name":"wp","href":"https:\/\/api.w.org\/{rel}","templated":true}]}}