{"id":109366,"date":"2023-05-18T14:50:33","date_gmt":"2023-05-18T17:50:33","guid":{"rendered":"https:\/\/tvtecjundiai.com.br\/news\/?p=109366"},"modified":"2023-05-18T14:50:34","modified_gmt":"2023-05-18T17:50:34","slug":"desmatamento-na-amazonia-cai-36-no-primeiro-quadrimestre","status":"publish","type":"post","link":"https:\/\/tvtecjundiai.com.br\/news\/2023\/05\/18\/desmatamento-na-amazonia-cai-36-no-primeiro-quadrimestre\/","title":{"rendered":"Desmatamento na Amaz\u00f4nia cai 36% no primeiro quadrimestre"},"content":{"rendered":"\n<p>O tamanho da \u00e1rea desmatada na Amaz\u00f4nia durante os quatro primeiros meses deste ano foi 36% menor que no mesmo per\u00edodo de 2022, segundo monitoramento do Instituto do Homem e Meio Ambiente da Amaz\u00f4nia (Imazon), organiza\u00e7\u00e3o que desde 1990 re\u00fane pesquisadores que se dedicam a estudar aspectos relativos ao uso e conserva\u00e7\u00e3o dos recursos naturais da regi\u00e3o.<\/p>\n\n\n\n<p>Entre janeiro e abril deste ano, a retirada parcial ou total da cobertura vegetal amaz\u00f4nica atingiu uma \u00e1rea de 1.203 km\u00b2. No primeiro quadrimestre do ano passado, foram desmatados 1.884 km\u00b2.<\/p>\n\n\n\n<p>Apesar da redu\u00e7\u00e3o de quase um ter\u00e7o em compara\u00e7\u00e3o ao \u00faltimo per\u00edodo, a \u00e1rea devastada nos quatro primeiros meses deste ano representa o terceiro pior resultado nos esfor\u00e7os de preserva\u00e7\u00e3o do bioma desde o ano de 2008.<\/p>\n\n\n<div class=\"wp-block-image\">\n<figure class=\"aligncenter size-full\"><img loading=\"lazy\" decoding=\"async\" width=\"932\" height=\"621\" src=\"https:\/\/tvtecjundiai.com.br\/news\/wp-content\/uploads\/sites\/2\/2023\/05\/amazonia.jpg\" alt=\"\" class=\"wp-image-109372\" srcset=\"https:\/\/tvtecjundiai.com.br\/news\/wp-content\/uploads\/sites\/2\/2023\/05\/amazonia.jpg 932w, https:\/\/tvtecjundiai.com.br\/news\/wp-content\/uploads\/sites\/2\/2023\/05\/amazonia-300x200.jpg 300w, https:\/\/tvtecjundiai.com.br\/news\/wp-content\/uploads\/sites\/2\/2023\/05\/amazonia-768x512.jpg 768w\" sizes=\"auto, (max-width: 932px) 100vw, 932px\" \/><\/figure>\n<\/div>\n\n\n<p><\/p>\n\n\n\n<p>Considerando apenas os \u00faltimos 16 anos, a \u00e1rea degradada a cada primeiro quadrimestre do ano foi maior n\u00e3o s\u00f3 em 2022, como tamb\u00e9m em 2021, quando o desmatamento aumentou expressivamente, atingindo 1.963 km\u00b2.<\/p>\n\n\n\n<p>A partir da an\u00e1lise das imagens de monitoramento por sat\u00e9lites, os pesquisadores do Imazon conclu\u00edram que, em abril deste ano, a queda no desmatamento chegou a 72%, caindo de 1.197 km\u00b2 em abril de 2022 para 336 km\u00b2 no mesmo m\u00eas deste ano.<\/p>\n\n\n\n<p>\u201cA redu\u00e7\u00e3o observada em abril \u00e9 positiva, por\u00e9m, a \u00e1rea desmatada [no m\u00eas] ainda foi a quarta maior desde 2008 para o m\u00eas\u201d, destaca a pesquisadora Larissa Amorim, referindo-se aos resultados para o mesmo m\u00eas registrados nos tr\u00eas anos anteriores: 1.197 km\u00b2 (2022), 778 km\u00b2 (2021) e 529 km\u00b2 (2020).<\/p>\n\n\n\n<p>\u201cIsso indica que precisamos implantar a\u00e7\u00f5es emergenciais de fiscaliza\u00e7\u00e3o, identifica\u00e7\u00e3o e puni\u00e7\u00e3o aos desmatadores ilegais nos territ\u00f3rios mais pressionados, focando nas florestas p\u00fablicas que ainda n\u00e3o possuem uso definido e nas \u00e1reas protegidas, principalmente com a chegada do ver\u00e3o amaz\u00f4nico, onde historicamente o desmatamento tende a aumentar\u201d, acrescenta Larissa, em nota divulgada pelo instituto.<\/p>\n\n\n\n<p>Apesar de o desmatamento na Amaz\u00f4nia como um todo ter sido menor no primeiro quadrimestre deste ano, nos estados de Roraima e Tocantins houve um aumento da \u00e1rea degradada. A \u201csitua\u00e7\u00e3o mais cr\u00edtica\u201d, conforme o Imazon, ocorreu em Roraima, onde a devasta\u00e7\u00e3o aumentou 73%, passando de 63 km\u00b2 de janeiro a abril de 2022 para 107 km\u00b2 no primeiro quadrimestre deste ano.<\/p>\n\n\n\n<p>Em Tocantins, o crescimento do desmatamento foi da ordem de 25%, passando de 4 km\u00b2 de janeiro a abril de 2022 para 5 km\u00b2 no mesmo per\u00edodo deste ano.<\/p>\n\n\n\n<p><em><strong>(Fonte: Ag\u00eancia Brasil\/Imagem: Tiago Queiroz\/Estad\u00e3o)<\/strong><\/em><\/p>\n","protected":false},"excerpt":{"rendered":"<p>Monitoramento \u00e9 do Instituto do Homem e Meio Ambiente da Amaz\u00f4nia (Imazon)<\/p>\n","protected":false},"author":30,"featured_media":109372,"comment_status":"closed","ping_status":"0","sticky":false,"template":"","format":"standard","meta":{"footnotes":""},"categories":[3569,1],"tags":[],"class_list":["post-109366","post","type-post","status-publish","format-standard","has-post-thumbnail","hentry","category-meio-ambiente","category-noticias"],"_links":{"self":[{"href":"https:\/\/tvtecjundiai.com.br\/news\/wp-json\/wp\/v2\/posts\/109366","targetHints":{"allow":["GET"]}}],"collection":[{"href":"https:\/\/tvtecjundiai.com.br\/news\/wp-json\/wp\/v2\/posts"}],"about":[{"href":"https:\/\/tvtecjundiai.com.br\/news\/wp-json\/wp\/v2\/types\/post"}],"author":[{"embeddable":true,"href":"https:\/\/tvtecjundiai.com.br\/news\/wp-json\/wp\/v2\/users\/30"}],"replies":[{"embeddable":true,"href":"https:\/\/tvtecjundiai.com.br\/news\/wp-json\/wp\/v2\/comments?post=109366"}],"version-history":[{"count":1,"href":"https:\/\/tvtecjundiai.com.br\/news\/wp-json\/wp\/v2\/posts\/109366\/revisions"}],"predecessor-version":[{"id":109374,"href":"https:\/\/tvtecjundiai.com.br\/news\/wp-json\/wp\/v2\/posts\/109366\/revisions\/109374"}],"wp:featuredmedia":[{"embeddable":true,"href":"https:\/\/tvtecjundiai.com.br\/news\/wp-json\/wp\/v2\/media\/109372"}],"wp:attachment":[{"href":"https:\/\/tvtecjundiai.com.br\/news\/wp-json\/wp\/v2\/media?parent=109366"}],"wp:term":[{"taxonomy":"category","embeddable":true,"href":"https:\/\/tvtecjundiai.com.br\/news\/wp-json\/wp\/v2\/categories?post=109366"},{"taxonomy":"post_tag","embeddable":true,"href":"https:\/\/tvtecjundiai.com.br\/news\/wp-json\/wp\/v2\/tags?post=109366"}],"curies":[{"name":"wp","href":"https:\/\/api.w.org\/{rel}","templated":true}]}}