{"id":109367,"date":"2023-05-18T14:48:42","date_gmt":"2023-05-18T17:48:42","guid":{"rendered":"https:\/\/tvtecjundiai.com.br\/news\/?p=109367"},"modified":"2023-05-18T14:48:45","modified_gmt":"2023-05-18T17:48:45","slug":"fundo-social-divulga-lista-de-contemplados-em-workshop-gratuito","status":"publish","type":"post","link":"https:\/\/tvtecjundiai.com.br\/news\/2023\/05\/18\/fundo-social-divulga-lista-de-contemplados-em-workshop-gratuito\/","title":{"rendered":"Fundo Social divulga lista de contemplados em workshop gratuito"},"content":{"rendered":"\n<p>Nesta quinta-feira (18), o Fundo Social de Solidariedade de Jundia\u00ed (Funss) divulga a lista com os nomes dos contemplados no Workshop de Festa Junina na Caixa. A pr\u00e9-inscri\u00e7\u00e3o foi feita pela internet e o crit\u00e9rio de sele\u00e7\u00e3o e forma\u00e7\u00e3o da turma foi a ordem de envio do formul\u00e1rio Google, que considerou hora, minuto e segundo. Confira a listagem, abaixo:<\/p>\n\n\n\n<p><strong>Workshop Festa Junina na Caixa<\/strong><\/p>\n\n\n\n<p>1.&nbsp;&nbsp;&nbsp;&nbsp;Amanda Gomes Pegado<\/p>\n\n\n\n<p>2.&nbsp;&nbsp;&nbsp;&nbsp;Ana Carolina Mariko Moribe<\/p>\n\n\n\n<p>3.&nbsp;&nbsp;&nbsp;&nbsp;Ivone Monteiro<\/p>\n\n\n\n<p>4.&nbsp;&nbsp;&nbsp;&nbsp;Sheila Pincinato<\/p>\n\n\n\n<p>5.&nbsp;&nbsp;&nbsp;&nbsp;S\u00f4nia Aparecida Barbosa<\/p>\n\n\n\n<p>6.&nbsp;&nbsp;&nbsp;&nbsp;Lilian Bastos Dos Santos<\/p>\n\n\n\n<p>7.&nbsp;&nbsp;&nbsp;&nbsp;Marlei Aparecida De Souza<\/p>\n\n\n\n<p>8.&nbsp;&nbsp;&nbsp;&nbsp;Amanda Gon\u00e7alves Machado<\/p>\n\n\n\n<p>9.&nbsp;&nbsp;&nbsp;&nbsp;Helenita Batista Costa<\/p>\n\n\n\n<p>10.&nbsp;&nbsp;Simone Dias Pimentel Flor<\/p>\n\n\n\n<p>11.&nbsp;&nbsp;Mariana Penteado Cruppe<\/p>\n\n\n\n<p>12.&nbsp;&nbsp;Maria Ilza De Sousa Cruz<\/p>\n\n\n\n<p>13.&nbsp;&nbsp;Graziele Aparecida Da Silva<\/p>\n\n\n\n<p>14.&nbsp;&nbsp;Vanessa Bicalho Alabora<\/p>\n\n\n\n<p>15.&nbsp;&nbsp;Barbara Stephanie Campaneli<\/p>\n\n\n\n<p>16.&nbsp;&nbsp;Karina Aparecida Da Silva Rocha<\/p>\n\n\n\n<p>17.&nbsp;&nbsp;Paulo C\u00e9sar Santos<\/p>\n\n\n\n<p>18.&nbsp;&nbsp;Adriana Regina Perugini Rodrigues Santos<\/p>\n\n\n\n<p>19.&nbsp;&nbsp;Sandra Regina De Oliveira Lafalce<\/p>\n\n\n\n<p>20.&nbsp;&nbsp;Priscila Cristine Da Silva Almeida<\/p>\n\n\n\n<p>Os contemplados receber\u00e3o uma mensagem de WhatsApp para confirma\u00e7\u00e3o da matr\u00edcula. Se o aluno n\u00e3o responder \u00e0 mensagem em 24 horas, ter\u00e1 sua pr\u00e9-inscri\u00e7\u00e3o cancelada. As fichas n\u00e3o contempladas est\u00e3o, automaticamente, na lista de espera e poder\u00e3o ser convocadas somente em caso de desist\u00eancia.<\/p>\n\n\n\n<p>A capacita\u00e7\u00e3o ocorrer\u00e1 na sede do Fundo Social, cujo endere\u00e7o \u00e9 o Parque da Uva. O acesso \u00e9 pela avenida Dona Manoela Lacerda de Vergueiro, s\/n, port\u00e3o 03, bairro Anhangaba\u00fa. O funcionamento da unidade \u00e9 de segunda a sexta-feira, das 8h \u00e0s 17h, exceto feriados. Informa\u00e7\u00f5es pelos telefones (11) 4589-6319 e 4589-6320.<\/p>\n\n\n\n<p><\/p>\n\n\n\n<p>Fonte \/ Imagem: Prefeitura de Jundia\u00ed <\/p>\n","protected":false},"excerpt":{"rendered":"<p>A pr\u00e9-inscri\u00e7\u00e3o foi feita pela internet<\/p>\n","protected":false},"author":24,"featured_media":109368,"comment_status":"closed","ping_status":"0","sticky":false,"template":"","format":"standard","meta":{"footnotes":""},"categories":[2832,8409],"tags":[],"class_list":["post-109367","post","type-post","status-publish","format-standard","has-post-thumbnail","hentry","category-cursos","category-funss"],"_links":{"self":[{"href":"https:\/\/tvtecjundiai.com.br\/news\/wp-json\/wp\/v2\/posts\/109367","targetHints":{"allow":["GET"]}}],"collection":[{"href":"https:\/\/tvtecjundiai.com.br\/news\/wp-json\/wp\/v2\/posts"}],"about":[{"href":"https:\/\/tvtecjundiai.com.br\/news\/wp-json\/wp\/v2\/types\/post"}],"author":[{"embeddable":true,"href":"https:\/\/tvtecjundiai.com.br\/news\/wp-json\/wp\/v2\/users\/24"}],"replies":[{"embeddable":true,"href":"https:\/\/tvtecjundiai.com.br\/news\/wp-json\/wp\/v2\/comments?post=109367"}],"version-history":[{"count":1,"href":"https:\/\/tvtecjundiai.com.br\/news\/wp-json\/wp\/v2\/posts\/109367\/revisions"}],"predecessor-version":[{"id":109369,"href":"https:\/\/tvtecjundiai.com.br\/news\/wp-json\/wp\/v2\/posts\/109367\/revisions\/109369"}],"wp:featuredmedia":[{"embeddable":true,"href":"https:\/\/tvtecjundiai.com.br\/news\/wp-json\/wp\/v2\/media\/109368"}],"wp:attachment":[{"href":"https:\/\/tvtecjundiai.com.br\/news\/wp-json\/wp\/v2\/media?parent=109367"}],"wp:term":[{"taxonomy":"category","embeddable":true,"href":"https:\/\/tvtecjundiai.com.br\/news\/wp-json\/wp\/v2\/categories?post=109367"},{"taxonomy":"post_tag","embeddable":true,"href":"https:\/\/tvtecjundiai.com.br\/news\/wp-json\/wp\/v2\/tags?post=109367"}],"curies":[{"name":"wp","href":"https:\/\/api.w.org\/{rel}","templated":true}]}}