{"id":109375,"date":"2023-05-18T17:09:42","date_gmt":"2023-05-18T20:09:42","guid":{"rendered":"https:\/\/tvtecjundiai.com.br\/news\/?p=109375"},"modified":"2023-05-18T17:09:49","modified_gmt":"2023-05-18T20:09:49","slug":"gripe-e-covid-19-sabado-tem-campanha-em-sete-pontos","status":"publish","type":"post","link":"https:\/\/tvtecjundiai.com.br\/news\/2023\/05\/18\/gripe-e-covid-19-sabado-tem-campanha-em-sete-pontos\/","title":{"rendered":"Gripe e Covid-19: s\u00e1bado tem campanha em sete pontos"},"content":{"rendered":"\n<p>A Prefeitura de Jundia\u00ed disponibiliza sete pontos para aplica\u00e7\u00e3o de vacinas neste s\u00e1bado (20). Das 8h \u00e0s 12h, ser\u00e3o disponibilizadas as doses contra Influenza (gripe) e Covid-19 nas Unidades B\u00e1sicas de Sa\u00fade (UBSs): Pitangueiras (rua It\u00e1lia, 91), Central (rua Antonio Segre, 71- esquina com avenida Henrique Andr\u00e9s 680); Travi\u00fa (rua Paulino Louren\u00e7on, 8), Agapeama (rua Luis Capri, 2380) e Morada das Vinhas (rua Uva Ni\u00e1gara, s\/n\u00ba).<\/p>\n\n\n\n<p>Das 8h \u00e0s 16h, os dois imunizantes ser\u00e3o aplicados na UBS Rio Branco, localizada na rua Manuel Bandeira, 190.<\/p>\n\n\n\n<p>J\u00e1 a UBS Anhangaba\u00fa (rua Hans Staden, 40) ficar\u00e1 aberta das 8h \u00e0s 12h, exclusivamente para aplica\u00e7\u00e3o da vacina contra gripe.<\/p>\n\n\n\n<figure class=\"wp-block-image\"><img decoding=\"async\" src=\"https:\/\/jundiai.sp.gov.br\/noticias\/wp-content\/uploads\/sites\/32\/2017\/04\/vacina_gripe_P-43G-1-1160x810.jpg\" alt=\"\" class=\"wp-image-195737\" \/><\/figure>\n\n\n\n<p>A Unidade de Gest\u00e3o de Promo\u00e7\u00e3o da Sa\u00fade (UGPS) tamb\u00e9m prossegue com a campanha no Espa\u00e7o Jundia\u00ed Empreendedora, no Maxi Shopping, para aplica\u00e7\u00e3o das vacinas contra o coronav\u00edrus e a gripe, al\u00e9m das de rotina que integram o Calend\u00e1rio Nacional de Imuniza\u00e7\u00e3o. O atendimento ser\u00e1 das 11h \u00e0s 17h.<\/p>\n\n\n\n<p>No Munic\u00edpio, desde a \u00faltima quarta-feira (17), a vacina contra Influenza est\u00e1 liberada para toda a popula\u00e7\u00e3o a partir dos seis meses de idade.<\/p>\n\n\n\n<p>Contra a Covid-19, seguem sendo aplicadas as vacinas monovalentes para pessoas com 12 anos ou mais; a Pfizer Baby para crian\u00e7as com 6 meses a 4 anos (D1, D2 e D3); a Pfizer Pedi\u00e1trica para crian\u00e7as de 5 a 11 anos (D1, D2 e refor\u00e7o); e a Pfizer bivalente para o p\u00fablico a partir de 18 anos e que tenha recebido, no m\u00ednimo, duas doses da monovalente, sendo a \u00faltima dose h\u00e1, pelo menos, quatro meses.<\/p>\n\n\n\n<p>Neste ano, o Minist\u00e9rio da Sa\u00fade novamente refor\u00e7ou que a vacina contra a Influenza pode ser aplicada junto a qualquer vacina da rotina e tamb\u00e9m com as doses contra o coronav\u00edrus.<\/p>\n\n\n\n<p><\/p>\n\n\n\n<p>Fonte \/ Imagem: Prefeitura de Jundia\u00ed <\/p>\n","protected":false},"excerpt":{"rendered":"<p>No Munic\u00edpio, desde a \u00faltima quarta-feira (17), a vacina contra Influenza est\u00e1 liberada para toda a popula\u00e7\u00e3o a partir dos seis meses de idade.<\/p>\n","protected":false},"author":24,"featured_media":109376,"comment_status":"closed","ping_status":"0","sticky":false,"template":"","format":"standard","meta":{"footnotes":""},"categories":[8355],"tags":[],"class_list":["post-109375","post","type-post","status-publish","format-standard","has-post-thumbnail","hentry","category-saude-3"],"_links":{"self":[{"href":"https:\/\/tvtecjundiai.com.br\/news\/wp-json\/wp\/v2\/posts\/109375","targetHints":{"allow":["GET"]}}],"collection":[{"href":"https:\/\/tvtecjundiai.com.br\/news\/wp-json\/wp\/v2\/posts"}],"about":[{"href":"https:\/\/tvtecjundiai.com.br\/news\/wp-json\/wp\/v2\/types\/post"}],"author":[{"embeddable":true,"href":"https:\/\/tvtecjundiai.com.br\/news\/wp-json\/wp\/v2\/users\/24"}],"replies":[{"embeddable":true,"href":"https:\/\/tvtecjundiai.com.br\/news\/wp-json\/wp\/v2\/comments?post=109375"}],"version-history":[{"count":1,"href":"https:\/\/tvtecjundiai.com.br\/news\/wp-json\/wp\/v2\/posts\/109375\/revisions"}],"predecessor-version":[{"id":109377,"href":"https:\/\/tvtecjundiai.com.br\/news\/wp-json\/wp\/v2\/posts\/109375\/revisions\/109377"}],"wp:featuredmedia":[{"embeddable":true,"href":"https:\/\/tvtecjundiai.com.br\/news\/wp-json\/wp\/v2\/media\/109376"}],"wp:attachment":[{"href":"https:\/\/tvtecjundiai.com.br\/news\/wp-json\/wp\/v2\/media?parent=109375"}],"wp:term":[{"taxonomy":"category","embeddable":true,"href":"https:\/\/tvtecjundiai.com.br\/news\/wp-json\/wp\/v2\/categories?post=109375"},{"taxonomy":"post_tag","embeddable":true,"href":"https:\/\/tvtecjundiai.com.br\/news\/wp-json\/wp\/v2\/tags?post=109375"}],"curies":[{"name":"wp","href":"https:\/\/api.w.org\/{rel}","templated":true}]}}