{"id":109384,"date":"2023-05-19T09:15:02","date_gmt":"2023-05-19T12:15:02","guid":{"rendered":"https:\/\/tvtecjundiai.com.br\/news\/?p=109384"},"modified":"2023-05-19T09:15:06","modified_gmt":"2023-05-19T12:15:06","slug":"dia-d-maio-amarelo-blitz-orienta-motociclistas-sobre-boa-conduta-e-equipamentos-de-seguranca","status":"publish","type":"post","link":"https:\/\/tvtecjundiai.com.br\/news\/2023\/05\/19\/dia-d-maio-amarelo-blitz-orienta-motociclistas-sobre-boa-conduta-e-equipamentos-de-seguranca\/","title":{"rendered":"Dia D Maio Amarelo: Blitz orienta motociclistas sobre boa conduta e equipamentos de seguran\u00e7a"},"content":{"rendered":"\n<p>Os motociclistas que passaram pela Avenida Jos\u00e9 Luiz Sereno, no bairro Eloy Chaves, foram abordados com um prop\u00f3sito especial na tarde desta quinta-feira (18); eles receberam orienta\u00e7\u00e3o sobre a boa conduta e o uso de equipamentos de seguran\u00e7a para preservar a vida, al\u00e9m de brindes: antenas corta-pipa, adesivos e fitas do Maio Amarelo. A a\u00e7\u00e3o educativa no Dia D do Maio Amarelo impactou positivamente.<\/p>\n\n\n\n<p>O operador de m\u00e1quinas, Wesley Jos\u00e9 Leite, utiliza motocicleta h\u00e1 10 anos, e aprovou a blitz. \u201c\u00c9 muito importante, porque ainda falta respeito e responsabilidade. Se todos agissem com cuidado, a gente poderia ter um tr\u00e2nsito mais seguro.\u201d<\/p>\n\n\n\n<figure class=\"wp-block-image\"><img decoding=\"async\" src=\"https:\/\/jundiai.sp.gov.br\/noticias\/wp-content\/uploads\/sites\/32\/2023\/05\/dia-d-maio-amarelo-motociclistas-1280x876.jpg\" alt=\"Na imagem, o operador de m\u00e1quinas Wesley, est\u00e1 sobre a moto, e recebe um kit com antena corta-pipa, adesivo e fita do Maio Amarelo, durante uma a\u00e7\u00e3o educativa para promover a seguran\u00e7a no tr\u00e2nsito.\" class=\"wp-image-317638\" \/><figcaption class=\"wp-element-caption\">Wesley Jos\u00e9 Leite utiliza motocicleta h\u00e1 10 anos e aprovou a a\u00e7\u00e3o educativa destinada a motociclistas<\/figcaption><\/figure>\n\n\n\n<p>Motoboy h\u00e1 cinco anos, Jonathan Sanches Nunes, tamb\u00e9m acredita que todo o trabalho de conscientiza\u00e7\u00e3o \u00e9 positivo. \u201cA gente tem que agir no tr\u00e2nsito com cuidado para preservar a vida do pr\u00f3ximo e a nossa tamb\u00e9m.\u201d<\/p>\n\n\n\n<p>A blitz educativa envolveu o trabalho em conjunto de agentes de tr\u00e2nsito, equipe da Unidade de Gest\u00e3o de Mobilidade e Transporte (UGMT), Canil da Guarda Municipal, equipe da concession\u00e1ria AB Colinas e Pol\u00edcia Militar Rodovi\u00e1ria.<\/p>\n\n\n\n<figure class=\"wp-block-image\"><img decoding=\"async\" src=\"https:\/\/jundiai.sp.gov.br\/noticias\/wp-content\/uploads\/sites\/32\/2023\/05\/motoboy-maio-amarelo-dia-d-1280x888.jpg\" alt=\"Na imagem, est\u00e1 \n um motoboy que trabalha com moto h\u00e1 cinco anos, e est\u00e1 fazendo joia - com o dedo polegar da m\u00e3o direita e aprovou a blitz de orienta\u00e7\u00e3o.\" class=\"wp-image-317641\" \/><figcaption class=\"wp-element-caption\">Motoboy, Jonathan comenta que os cuidados preservam a vida do pr\u00f3ximo e a sua tamb\u00e9m<\/figcaption><\/figure>\n\n\n\n<p>\u201cMotoristas, motociclistas e todos os usu\u00e1rios das vias precisam estar conscientes dos riscos e dos cuidados para a seguran\u00e7a no tr\u00e2nsito\u201d, comentou a vigilante, Rosimar Aparecida da Silva, que utiliza a motocicleta para trabalhar diariamente.<\/p>\n\n\n\n<figure class=\"wp-block-image\"><img decoding=\"async\" src=\"https:\/\/jundiai.sp.gov.br\/noticias\/wp-content\/uploads\/sites\/32\/2023\/05\/maio-amarelo-dia-d-avenida-1-1280x898.jpg\" alt=\"\" class=\"wp-image-317639\" \/><\/figure>\n\n\n\n<p><strong>Dia D<\/strong><\/p>\n\n\n\n<p>As a\u00e7\u00f5es nesta quinta-feira foram realizadas nos munic\u00edpios da Regi\u00e3o Metropolitana de Jundia\u00ed (RMJ), simultaneamente. O objetivo \u00e9 alertar sobre os cuidados di\u00e1rios para promover o tr\u00e2nsito seguro, reduzindo os sinistros, principalmente com motocicletas. A RMJ conta com cerca de 800 mil habitantes nos sete munic\u00edpios: Jundia\u00ed, Cabre\u00fava, Campo Limpo Paulista, Itupeva, Jarinu, Louveira e V\u00e1rzea Paulista que, por serem pr\u00f3ximos, s\u00e3o destinos de moradores que vivem em uma cidade, por\u00e9m, viajam para trabalhar e\/ou estudar em outro munic\u00edpio.<\/p>\n\n\n\n<p><\/p>\n\n\n\n<p>Fonte \/ Imagem: Prefeitura de Jundia\u00ed <\/p>\n","protected":false},"excerpt":{"rendered":"<p>A a\u00e7\u00e3o educativa no Dia D do Maio Amarelo impactou positivamente.<\/p>\n","protected":false},"author":24,"featured_media":109386,"comment_status":"closed","ping_status":"0","sticky":false,"template":"","format":"standard","meta":{"footnotes":""},"categories":[6151],"tags":[],"class_list":["post-109384","post","type-post","status-publish","format-standard","has-post-thumbnail","hentry","category-transito"],"_links":{"self":[{"href":"https:\/\/tvtecjundiai.com.br\/news\/wp-json\/wp\/v2\/posts\/109384","targetHints":{"allow":["GET"]}}],"collection":[{"href":"https:\/\/tvtecjundiai.com.br\/news\/wp-json\/wp\/v2\/posts"}],"about":[{"href":"https:\/\/tvtecjundiai.com.br\/news\/wp-json\/wp\/v2\/types\/post"}],"author":[{"embeddable":true,"href":"https:\/\/tvtecjundiai.com.br\/news\/wp-json\/wp\/v2\/users\/24"}],"replies":[{"embeddable":true,"href":"https:\/\/tvtecjundiai.com.br\/news\/wp-json\/wp\/v2\/comments?post=109384"}],"version-history":[{"count":1,"href":"https:\/\/tvtecjundiai.com.br\/news\/wp-json\/wp\/v2\/posts\/109384\/revisions"}],"predecessor-version":[{"id":109387,"href":"https:\/\/tvtecjundiai.com.br\/news\/wp-json\/wp\/v2\/posts\/109384\/revisions\/109387"}],"wp:featuredmedia":[{"embeddable":true,"href":"https:\/\/tvtecjundiai.com.br\/news\/wp-json\/wp\/v2\/media\/109386"}],"wp:attachment":[{"href":"https:\/\/tvtecjundiai.com.br\/news\/wp-json\/wp\/v2\/media?parent=109384"}],"wp:term":[{"taxonomy":"category","embeddable":true,"href":"https:\/\/tvtecjundiai.com.br\/news\/wp-json\/wp\/v2\/categories?post=109384"},{"taxonomy":"post_tag","embeddable":true,"href":"https:\/\/tvtecjundiai.com.br\/news\/wp-json\/wp\/v2\/tags?post=109384"}],"curies":[{"name":"wp","href":"https:\/\/api.w.org\/{rel}","templated":true}]}}