{"id":109385,"date":"2023-05-19T09:31:43","date_gmt":"2023-05-19T12:31:43","guid":{"rendered":"https:\/\/tvtecjundiai.com.br\/news\/?p=109385"},"modified":"2023-05-19T09:31:44","modified_gmt":"2023-05-19T12:31:44","slug":"fim-de-semana-em-jundiai-sera-ensolarado-mas-com-minima-de-11c","status":"publish","type":"post","link":"https:\/\/tvtecjundiai.com.br\/news\/2023\/05\/19\/fim-de-semana-em-jundiai-sera-ensolarado-mas-com-minima-de-11c\/","title":{"rendered":"Fim de semana em Jundia\u00ed ser\u00e1 ensolarado, mas com m\u00ednima de 11\u00b0C"},"content":{"rendered":"\n<p>O fim de semana ser\u00e1 ensolarado em Jundia\u00ed, mas as baixas temperaturas continuam. Segundo o Climatempo, n\u00e3o h\u00e1 previs\u00e3o de pancadas de chuva e os term\u00f4metros devem ficar entre 11\u00b0C e 27\u00b0C.<\/p>\n\n\n\n<p>Nesta sexta-feira (19), a previs\u00e3o \u00e9 de sol o dia todo, sem chuva. Os term\u00f4metros ficam entre 11\u00b0C e 25\u00b0C.<\/p>\n\n\n\n<p>No s\u00e1bado (20), a temperatura fica entre 11\u00b0C e 26\u00b0C, com sol o dia todo e sem previs\u00e3o de chuva.<\/p>\n\n\n\n<p>No domingo (21), a previs\u00e3o \u00e9 a mesma: dia de sol, sem pancadas de chuva. Os term\u00f4metros devem marcar entre 12\u00b0C e 27\u00b0C, atingindo a m\u00e1xima prevista para o fim de semana.<\/p>\n\n\n<div class=\"wp-block-image\">\n<figure class=\"aligncenter size-large is-resized\"><img loading=\"lazy\" decoding=\"async\" src=\"https:\/\/tvtecjundiai.com.br\/news\/wp-content\/uploads\/sites\/2\/2023\/05\/WhatsApp-Image-2023-05-19-at-09.30.26-1200x900.jpeg\" alt=\"\" class=\"wp-image-109393\" width=\"648\" height=\"486\" srcset=\"https:\/\/tvtecjundiai.com.br\/news\/wp-content\/uploads\/sites\/2\/2023\/05\/WhatsApp-Image-2023-05-19-at-09.30.26-1200x900.jpeg 1200w, https:\/\/tvtecjundiai.com.br\/news\/wp-content\/uploads\/sites\/2\/2023\/05\/WhatsApp-Image-2023-05-19-at-09.30.26-300x225.jpeg 300w, https:\/\/tvtecjundiai.com.br\/news\/wp-content\/uploads\/sites\/2\/2023\/05\/WhatsApp-Image-2023-05-19-at-09.30.26-768x576.jpeg 768w, https:\/\/tvtecjundiai.com.br\/news\/wp-content\/uploads\/sites\/2\/2023\/05\/WhatsApp-Image-2023-05-19-at-09.30.26.jpeg 1280w\" sizes=\"auto, (max-width: 648px) 100vw, 648px\" \/><\/figure>\n<\/div>\n\n\n<p><\/p>\n\n\n\n<p><em><strong>(Fonte\/Imagem: Prefeitura de Jundia\u00ed)<\/strong><\/em><\/p>\n","protected":false},"excerpt":{"rendered":"<p>Segundo o Climatempo, n\u00e3o h\u00e1 previs\u00e3o de pancadas de chuva<\/p>\n","protected":false},"author":30,"featured_media":109393,"comment_status":"closed","ping_status":"0","sticky":false,"template":"","format":"standard","meta":{"footnotes":""},"categories":[3185,8356,1],"tags":[],"class_list":["post-109385","post","type-post","status-publish","format-standard","has-post-thumbnail","hentry","category-clima","category-jundiai","category-noticias"],"_links":{"self":[{"href":"https:\/\/tvtecjundiai.com.br\/news\/wp-json\/wp\/v2\/posts\/109385","targetHints":{"allow":["GET"]}}],"collection":[{"href":"https:\/\/tvtecjundiai.com.br\/news\/wp-json\/wp\/v2\/posts"}],"about":[{"href":"https:\/\/tvtecjundiai.com.br\/news\/wp-json\/wp\/v2\/types\/post"}],"author":[{"embeddable":true,"href":"https:\/\/tvtecjundiai.com.br\/news\/wp-json\/wp\/v2\/users\/30"}],"replies":[{"embeddable":true,"href":"https:\/\/tvtecjundiai.com.br\/news\/wp-json\/wp\/v2\/comments?post=109385"}],"version-history":[{"count":1,"href":"https:\/\/tvtecjundiai.com.br\/news\/wp-json\/wp\/v2\/posts\/109385\/revisions"}],"predecessor-version":[{"id":109394,"href":"https:\/\/tvtecjundiai.com.br\/news\/wp-json\/wp\/v2\/posts\/109385\/revisions\/109394"}],"wp:featuredmedia":[{"embeddable":true,"href":"https:\/\/tvtecjundiai.com.br\/news\/wp-json\/wp\/v2\/media\/109393"}],"wp:attachment":[{"href":"https:\/\/tvtecjundiai.com.br\/news\/wp-json\/wp\/v2\/media?parent=109385"}],"wp:term":[{"taxonomy":"category","embeddable":true,"href":"https:\/\/tvtecjundiai.com.br\/news\/wp-json\/wp\/v2\/categories?post=109385"},{"taxonomy":"post_tag","embeddable":true,"href":"https:\/\/tvtecjundiai.com.br\/news\/wp-json\/wp\/v2\/tags?post=109385"}],"curies":[{"name":"wp","href":"https:\/\/api.w.org\/{rel}","templated":true}]}}