{"id":109392,"date":"2023-05-19T11:08:20","date_gmt":"2023-05-19T14:08:20","guid":{"rendered":"https:\/\/tvtecjundiai.com.br\/news\/?p=109392"},"modified":"2023-05-19T11:09:42","modified_gmt":"2023-05-19T14:09:42","slug":"criativos-do-galpao-doam-852-litros-de-leite-ao-funss-de-jundiai","status":"publish","type":"post","link":"https:\/\/tvtecjundiai.com.br\/news\/2023\/05\/19\/criativos-do-galpao-doam-852-litros-de-leite-ao-funss-de-jundiai\/","title":{"rendered":"Criativos do Galp\u00e3o doam 852 litros de leite ao Fundo Social de Jundia\u00ed"},"content":{"rendered":"\n<p>Como gesto concreto de participa\u00e7\u00e3o da 4\u00aa edi\u00e7\u00e3o do Galp\u00e3o Criativo, iniciativa da Prefeitura de Jundia\u00ed e Funda\u00e7\u00e3o Escola TVTEC Jundia\u00ed (FTVTEC), os 70 criativos doaram um fardo com 12 litros de leite cada um, totalizando 852 litros. A doa\u00e7\u00e3o ser\u00e1 revertida ao Fundo Social de Solidariedade (Funss), que repassa \u00e0s fam\u00edlias assistidas. Atualmente, o Fundo Social conta com cerca de 150 entidades cadastradas que desenvolvem a\u00e7\u00f5es sociais com crian\u00e7as, jovens, adultos, idosos e pessoas em situa\u00e7\u00e3o de rua.<\/p>\n\n\n\n<p>A superintendente da FTVTEC, M\u00f4nica Gropelo, ressaltou a import\u00e2ncia de os criativos pontuarem sua participa\u00e7\u00e3o por meio da doa\u00e7\u00e3o de leite. Este \u00e9 o \u00fanico investimento que os criativos t\u00eam para fazerem parte do Programa de Qualifica\u00e7\u00e3o, Inclus\u00e3o e Prosperidade Social de Talentos e Incubadora de Desenvolvimento na Capta\u00e7\u00e3o de Recursos de Ideias nas \u00c1reas de Economia Criativa.  &#8220;Com essas doa\u00e7\u00f5es ao FUNSS estamos praticando a economia solid\u00e1ria e ajudando muitas fam\u00edlias.&#8221;<\/p>\n\n\n\n<p>A diretora do Fundo Social de Jundia\u00ed, Francine Picardi, explicou que a doa\u00e7\u00e3o refor\u00e7ar\u00e1 os atendimentos da Campanha Permanente de Solidariedade. \u201cAssim como as fraldas infantis e geri\u00e1tricas, o leite tamb\u00e9m \u00e9 um item com alta demanda e baixa doa\u00e7\u00e3o espont\u00e2nea. Por isso \u00e9 uma alegria contar com esta colabora\u00e7\u00e3o, fruto de uma grande mobiliza\u00e7\u00e3o\u201d. <\/p>\n\n\n<div class=\"wp-block-image\">\n<figure class=\"aligncenter size-full\"><img loading=\"lazy\" decoding=\"async\" width=\"1024\" height=\"768\" src=\"https:\/\/tvtecjundiai.com.br\/news\/wp-content\/uploads\/sites\/2\/2023\/05\/leite6-1.jpeg\" alt=\"\" class=\"wp-image-109401\" srcset=\"https:\/\/tvtecjundiai.com.br\/news\/wp-content\/uploads\/sites\/2\/2023\/05\/leite6-1.jpeg 1024w, https:\/\/tvtecjundiai.com.br\/news\/wp-content\/uploads\/sites\/2\/2023\/05\/leite6-1-300x225.jpeg 300w, https:\/\/tvtecjundiai.com.br\/news\/wp-content\/uploads\/sites\/2\/2023\/05\/leite6-1-768x576.jpeg 768w\" sizes=\"auto, (max-width: 1024px) 100vw, 1024px\" \/><figcaption class=\"wp-element-caption\">Ao todo foram doados 852 litros de leite que ser\u00e3o revertidos ao Fundo Social de Solidariedade <\/figcaption><\/figure>\n<\/div>\n\n\n<p><\/p>\n\n\n\n<p><strong>O evento<\/strong><\/p>\n\n\n\n<p>Os criativos que participam da 4\u00aa edi\u00e7\u00e3o do Galp\u00e3o fazem parte do Programa de Qualifica\u00e7\u00e3o, Inclus\u00e3o e Prosperidade Social de Talentos e Incubadora de Desenvolvimento na Capta\u00e7\u00e3o de Recursos de Ideias nas \u00c1reas de Economia Criativa. Al\u00e9m de produtos diversos criados pelos criativos, como patchwork, croch\u00ea, colares, costura criativa, velas e servi\u00e7os, os visitantes participam de oficinas programadas pelas pr\u00f3prias criativas.<\/p>\n\n\n\n<p>Trata-se de mais uma a\u00e7\u00e3o da pr\u00e9-incubadora de talentos, que desde janeiro tem ofertado diferentes a\u00e7\u00f5es voltadas para a qualifica\u00e7\u00e3o dos profissionais que desejam empreender. Com entrada gratuita, o evento ser\u00e1 realizado no s\u00e1bado (20), na sede da FTVTEC, das 9h \u00e0s 18h, incluindo programa\u00e7\u00e3o musical, desfile de moda, espa\u00e7o gastron\u00f4mico, espa\u00e7o zen e espa\u00e7o kids. <\/p>\n\n\n\n<p><strong>Galp\u00e3o Criativo<\/strong><\/p>\n\n\n\n<p><em>Data: Dia 20 de maio (s\u00e1bado), das 9h \u00e0s 18h<\/em><\/p>\n\n\n\n<p><em>Local: Complexo Argos &#8211; avenida Dr. Cavalcanti, 396, Vila Arens<\/em><\/p>\n\n\n\n<p><em><strong>(Fonte\/Imagem: TVTEC Jundia\u00ed)<\/strong><\/em><\/p>\n","protected":false},"excerpt":{"rendered":"<p>O Funss conta com cerca de 150 entidades cadastradas que receber\u00e3o a doa\u00e7\u00e3o<\/p>\n","protected":false},"author":30,"featured_media":109396,"comment_status":"closed","ping_status":"0","sticky":false,"template":"","format":"standard","meta":{"footnotes":""},"categories":[29,1],"tags":[],"class_list":["post-109392","post","type-post","status-publish","format-standard","has-post-thumbnail","hentry","category-destaque","category-noticias"],"_links":{"self":[{"href":"https:\/\/tvtecjundiai.com.br\/news\/wp-json\/wp\/v2\/posts\/109392","targetHints":{"allow":["GET"]}}],"collection":[{"href":"https:\/\/tvtecjundiai.com.br\/news\/wp-json\/wp\/v2\/posts"}],"about":[{"href":"https:\/\/tvtecjundiai.com.br\/news\/wp-json\/wp\/v2\/types\/post"}],"author":[{"embeddable":true,"href":"https:\/\/tvtecjundiai.com.br\/news\/wp-json\/wp\/v2\/users\/30"}],"replies":[{"embeddable":true,"href":"https:\/\/tvtecjundiai.com.br\/news\/wp-json\/wp\/v2\/comments?post=109392"}],"version-history":[{"count":10,"href":"https:\/\/tvtecjundiai.com.br\/news\/wp-json\/wp\/v2\/posts\/109392\/revisions"}],"predecessor-version":[{"id":109414,"href":"https:\/\/tvtecjundiai.com.br\/news\/wp-json\/wp\/v2\/posts\/109392\/revisions\/109414"}],"wp:featuredmedia":[{"embeddable":true,"href":"https:\/\/tvtecjundiai.com.br\/news\/wp-json\/wp\/v2\/media\/109396"}],"wp:attachment":[{"href":"https:\/\/tvtecjundiai.com.br\/news\/wp-json\/wp\/v2\/media?parent=109392"}],"wp:term":[{"taxonomy":"category","embeddable":true,"href":"https:\/\/tvtecjundiai.com.br\/news\/wp-json\/wp\/v2\/categories?post=109392"},{"taxonomy":"post_tag","embeddable":true,"href":"https:\/\/tvtecjundiai.com.br\/news\/wp-json\/wp\/v2\/tags?post=109392"}],"curies":[{"name":"wp","href":"https:\/\/api.w.org\/{rel}","templated":true}]}}