{"id":109397,"date":"2023-05-19T10:31:58","date_gmt":"2023-05-19T13:31:58","guid":{"rendered":"https:\/\/tvtecjundiai.com.br\/news\/?p=109397"},"modified":"2023-05-19T10:31:59","modified_gmt":"2023-05-19T13:31:59","slug":"preco-das-passagens-de-onibus-intermunicipais-em-jundiai-sobe-18-em-julho","status":"publish","type":"post","link":"https:\/\/tvtecjundiai.com.br\/news\/2023\/05\/19\/preco-das-passagens-de-onibus-intermunicipais-em-jundiai-sobe-18-em-julho\/","title":{"rendered":"Pre\u00e7o das passagens de \u00f4nibus intermunicipais em Jundia\u00ed sobe 18% em julho"},"content":{"rendered":"\n<p>Em portaria publicada na quarta-feira (17), a Ag\u00eancia de Transporte do Estado de S\u00e3o Paulo (Artesp) autorizou o reajuste de 18% no pre\u00e7o das passagens de \u00f4nibus intermunicipais (suburbanos e rodovi\u00e1rios). Os novos valores come\u00e7am a valer a partir do dia 1\u00b0 de julho.<\/p>\n\n\n\n<p>Considerando o aumento de 18%, uma viagem com \u00f4nibus rodovi\u00e1rio de Jundia\u00ed ao Terminal Tiet\u00ea, em S\u00e3o Paulo, por exemplo, passar\u00e1 de R$ 20,15 para R$ 23,77. O mesmo vale para o trajeto de Jundia\u00ed a Campinas: a passagem deve subir de R$ 17,70 para R$ 20,88, e assim por diante para outros destinos. Os valores devem ser arredondados.<\/p>\n\n\n<div class=\"wp-block-image\">\n<figure class=\"aligncenter size-full is-resized\"><img loading=\"lazy\" decoding=\"async\" src=\"https:\/\/tvtecjundiai.com.br\/news\/wp-content\/uploads\/sites\/2\/2023\/05\/onibus-rapido-luxo-jundiai.jpg\" alt=\"\" class=\"wp-image-109402\" width=\"666\" height=\"370\" \/><figcaption class=\"wp-element-caption\">Foto: Divulga\u00e7\u00e3o<\/figcaption><\/figure>\n<\/div>\n\n\n<p><\/p>\n\n\n\n<p>Os \u00f4nibus suburbanos, aqueles com catracas e sem bagageiro que s\u00e3o os mais utilizados no dia a dia, tamb\u00e9m ter\u00e3o aumento na tarifa. Confira os novos valores estimados para entrar em vigor a partir do dia 1\u00b0 de julho:<\/p>\n\n\n\n<p><strong>Linhas suburbanas da regi\u00e3o de Jundia\u00ed &#8211; Novas tarifas estimadas, com base no reajuste de 18%<\/strong><\/p>\n\n\n\n<ul class=\"wp-block-list\">\n<li>De Jundia\u00ed a Campo Limpo Paulista &#8211; R$ 7,30<\/li>\n\n\n\n<li>De Jundia\u00ed a V\u00e1rzea Paulista &#8211; R$ 6,43<\/li>\n\n\n\n<li>De Jundia\u00ed a Cabre\u00fava, Pinhal ou Sesp &#8211; R$ 8,55<\/li>\n\n\n\n<li>Entre Jundia\u00ed e Itupeva, para Independ\u00eancia, Chave ou via Traviu &#8211; R$ 7,08<\/li>\n\n\n\n<li>De Jundia\u00ed para o bairro Santo Ant\u00f4nio, em Louveira &#8211; R$ 8,37<\/li>\n<\/ul>\n\n\n\n<p><em><strong>(Fonte: TVTEC Jundia\u00ed\/Imagem: Divulga\u00e7\u00e3o)<\/strong><\/em><\/p>\n","protected":false},"excerpt":{"rendered":"<p>Os novos valores come\u00e7am a valer a partir do dia 1\u00b0 de julho<\/p>\n","protected":false},"author":30,"featured_media":109402,"comment_status":"closed","ping_status":"0","sticky":false,"template":"","format":"standard","meta":{"footnotes":""},"categories":[8356,1,3059],"tags":[],"class_list":["post-109397","post","type-post","status-publish","format-standard","has-post-thumbnail","hentry","category-jundiai","category-noticias","category-transportes"],"_links":{"self":[{"href":"https:\/\/tvtecjundiai.com.br\/news\/wp-json\/wp\/v2\/posts\/109397","targetHints":{"allow":["GET"]}}],"collection":[{"href":"https:\/\/tvtecjundiai.com.br\/news\/wp-json\/wp\/v2\/posts"}],"about":[{"href":"https:\/\/tvtecjundiai.com.br\/news\/wp-json\/wp\/v2\/types\/post"}],"author":[{"embeddable":true,"href":"https:\/\/tvtecjundiai.com.br\/news\/wp-json\/wp\/v2\/users\/30"}],"replies":[{"embeddable":true,"href":"https:\/\/tvtecjundiai.com.br\/news\/wp-json\/wp\/v2\/comments?post=109397"}],"version-history":[{"count":1,"href":"https:\/\/tvtecjundiai.com.br\/news\/wp-json\/wp\/v2\/posts\/109397\/revisions"}],"predecessor-version":[{"id":109403,"href":"https:\/\/tvtecjundiai.com.br\/news\/wp-json\/wp\/v2\/posts\/109397\/revisions\/109403"}],"wp:featuredmedia":[{"embeddable":true,"href":"https:\/\/tvtecjundiai.com.br\/news\/wp-json\/wp\/v2\/media\/109402"}],"wp:attachment":[{"href":"https:\/\/tvtecjundiai.com.br\/news\/wp-json\/wp\/v2\/media?parent=109397"}],"wp:term":[{"taxonomy":"category","embeddable":true,"href":"https:\/\/tvtecjundiai.com.br\/news\/wp-json\/wp\/v2\/categories?post=109397"},{"taxonomy":"post_tag","embeddable":true,"href":"https:\/\/tvtecjundiai.com.br\/news\/wp-json\/wp\/v2\/tags?post=109397"}],"curies":[{"name":"wp","href":"https:\/\/api.w.org\/{rel}","templated":true}]}}