{"id":109410,"date":"2023-05-19T11:22:09","date_gmt":"2023-05-19T14:22:09","guid":{"rendered":"https:\/\/tvtecjundiai.com.br\/news\/?p=109410"},"modified":"2023-05-19T11:22:10","modified_gmt":"2023-05-19T14:22:10","slug":"novo-rg-nao-tera-campo-sexo-nem-distincao-entre-nome-e-nome-social","status":"publish","type":"post","link":"https:\/\/tvtecjundiai.com.br\/news\/2023\/05\/19\/novo-rg-nao-tera-campo-sexo-nem-distincao-entre-nome-e-nome-social\/","title":{"rendered":"Novo RG n\u00e3o ter\u00e1 campo &#8216;sexo&#8217; nem distin\u00e7\u00e3o entre &#8216;nome&#8217; e &#8216;nome social&#8217;"},"content":{"rendered":"\n<p>O Minist\u00e9rio de Gest\u00e3o e Inova\u00e7\u00e3o anunciou nesta sexta-feira (19) que a nova carteira de identidade, em fase de implementa\u00e7\u00e3o no pa\u00eds, passar\u00e1 a ser emitida com duas mudan\u00e7as em rela\u00e7\u00e3o \u00e0s normas atuais:<\/p>\n\n\n\n<ul class=\"wp-block-list\">\n<li>a unifica\u00e7\u00e3o do campo &#8220;nome&#8221;, sem distin\u00e7\u00e3o entre o nome social e o nome de registro civil;<\/li>\n\n\n\n<li>a extin\u00e7\u00e3o do campo &#8220;sexo&#8221;.<\/li>\n<\/ul>\n\n\n\n<p>As altera\u00e7\u00f5es, segundo o governo, atendem a um pedido do Minist\u00e9rio dos Direitos Humanos e buscam tornar o documento mais inclusivo.<\/p>\n\n\n\n<p>Essas novas regras devem ser publicadas no &#8220;Di\u00e1rio Oficial da Uni\u00e3o&#8221; no fim de junho e, ent\u00e3o, passar\u00e3o a valer de modo imediato. Os estados t\u00eam at\u00e9 23 de novembro para aderir \u00e0 emiss\u00e3o do novo documento.<\/p>\n\n\n<div class=\"wp-block-image\">\n<figure class=\"aligncenter size-full\"><img loading=\"lazy\" decoding=\"async\" width=\"700\" height=\"462\" src=\"https:\/\/tvtecjundiai.com.br\/news\/wp-content\/uploads\/sites\/2\/2023\/05\/novo-rg.jpg\" alt=\"\" class=\"wp-image-109415\" srcset=\"https:\/\/tvtecjundiai.com.br\/news\/wp-content\/uploads\/sites\/2\/2023\/05\/novo-rg.jpg 700w, https:\/\/tvtecjundiai.com.br\/news\/wp-content\/uploads\/sites\/2\/2023\/05\/novo-rg-300x198.jpg 300w\" sizes=\"auto, (max-width: 700px) 100vw, 700px\" \/><\/figure>\n<\/div>\n\n\n<p><\/p>\n\n\n\n<p>Na pr\u00e1tica, as novas regras tamb\u00e9m retomam o que j\u00e1 existia para o RG convencional, emitido nas \u00faltimas d\u00e9cadas em todo o pa\u00eds. Esse documento n\u00e3o trazia o campo sexo \u2013 e o nome social, quando existente, substitu\u00eda o nome original de registro.<\/p>\n\n\n\n<p><strong>Nova carteira de identidade<\/strong><\/p>\n\n\n\n<p>O novo documento, que por enquanto \u00e9 emitido apenas em 12 estados, vai substituir gradualmente o RG. E em vez de ter um n\u00famero pr\u00f3prio, vai usar o pr\u00f3prio CPF como identifica\u00e7\u00e3o.<\/p>\n\n\n\n<p><strong><em>(Fonte: g1\/Imagem: Canva)<\/em><\/strong><\/p>\n","protected":false},"excerpt":{"rendered":"<p>Os estados t\u00eam at\u00e9 23 de novembro para aderir \u00e0 emiss\u00e3o do novo documento<\/p>\n","protected":false},"author":30,"featured_media":109415,"comment_status":"closed","ping_status":"0","sticky":false,"template":"","format":"standard","meta":{"footnotes":""},"categories":[8356,1],"tags":[],"class_list":["post-109410","post","type-post","status-publish","format-standard","has-post-thumbnail","hentry","category-jundiai","category-noticias"],"_links":{"self":[{"href":"https:\/\/tvtecjundiai.com.br\/news\/wp-json\/wp\/v2\/posts\/109410","targetHints":{"allow":["GET"]}}],"collection":[{"href":"https:\/\/tvtecjundiai.com.br\/news\/wp-json\/wp\/v2\/posts"}],"about":[{"href":"https:\/\/tvtecjundiai.com.br\/news\/wp-json\/wp\/v2\/types\/post"}],"author":[{"embeddable":true,"href":"https:\/\/tvtecjundiai.com.br\/news\/wp-json\/wp\/v2\/users\/30"}],"replies":[{"embeddable":true,"href":"https:\/\/tvtecjundiai.com.br\/news\/wp-json\/wp\/v2\/comments?post=109410"}],"version-history":[{"count":2,"href":"https:\/\/tvtecjundiai.com.br\/news\/wp-json\/wp\/v2\/posts\/109410\/revisions"}],"predecessor-version":[{"id":109416,"href":"https:\/\/tvtecjundiai.com.br\/news\/wp-json\/wp\/v2\/posts\/109410\/revisions\/109416"}],"wp:featuredmedia":[{"embeddable":true,"href":"https:\/\/tvtecjundiai.com.br\/news\/wp-json\/wp\/v2\/media\/109415"}],"wp:attachment":[{"href":"https:\/\/tvtecjundiai.com.br\/news\/wp-json\/wp\/v2\/media?parent=109410"}],"wp:term":[{"taxonomy":"category","embeddable":true,"href":"https:\/\/tvtecjundiai.com.br\/news\/wp-json\/wp\/v2\/categories?post=109410"},{"taxonomy":"post_tag","embeddable":true,"href":"https:\/\/tvtecjundiai.com.br\/news\/wp-json\/wp\/v2\/tags?post=109410"}],"curies":[{"name":"wp","href":"https:\/\/api.w.org\/{rel}","templated":true}]}}