{"id":109425,"date":"2023-05-19T15:14:15","date_gmt":"2023-05-19T18:14:15","guid":{"rendered":"https:\/\/tvtecjundiai.com.br\/news\/?p=109425"},"modified":"2023-05-19T15:14:16","modified_gmt":"2023-05-19T18:14:16","slug":"beneficiarios-do-inss-ja-podem-consultar-valor-do-13o-salario","status":"publish","type":"post","link":"https:\/\/tvtecjundiai.com.br\/news\/2023\/05\/19\/beneficiarios-do-inss-ja-podem-consultar-valor-do-13o-salario\/","title":{"rendered":"Benefici\u00e1rios do INSS j\u00e1 podem consultar valor do 13\u00ba sal\u00e1rio"},"content":{"rendered":"\n<p>Os benefici\u00e1rios do Instituto Nacional de Seguro Social (INSS) j\u00e1 conseguem consultar o valor da primeira parcela do 13\u00ba sal\u00e1rio. Segundo o instituto, apesar de a data oficial para in\u00edcio das consultas ser no domingo (21), algumas pessoas j\u00e1 podem ver os extratos.<\/p>\n\n\n\n<p>A primeira parcela do 13\u00ba come\u00e7a a ser paga na pr\u00f3xima quinta-feira (25) para os benefici\u00e1rios com N\u00famero de Identifica\u00e7\u00e3o Social (NIS) com final 1 que recebem at\u00e9 um sal\u00e1rio m\u00ednimo. J\u00e1 a segunda parcela come\u00e7a a ser paga apenas no m\u00eas seguinte. S\u00e3o dois calend\u00e1rios, para quem recebe 1 sal\u00e1rio m\u00ednimo e outro para quem recebe mais.<\/p>\n\n\n<div class=\"wp-block-image\">\n<figure class=\"aligncenter size-full is-resized\"><img loading=\"lazy\" decoding=\"async\" src=\"https:\/\/tvtecjundiai.com.br\/news\/wp-content\/uploads\/sites\/2\/2023\/05\/foto-dinheiro-aposentadoria-salario.jpg\" alt=\"\" class=\"wp-image-109426\" width=\"696\" height=\"464\" srcset=\"https:\/\/tvtecjundiai.com.br\/news\/wp-content\/uploads\/sites\/2\/2023\/05\/foto-dinheiro-aposentadoria-salario.jpg 800w, https:\/\/tvtecjundiai.com.br\/news\/wp-content\/uploads\/sites\/2\/2023\/05\/foto-dinheiro-aposentadoria-salario-300x200.jpg 300w, https:\/\/tvtecjundiai.com.br\/news\/wp-content\/uploads\/sites\/2\/2023\/05\/foto-dinheiro-aposentadoria-salario-768x512.jpg 768w\" sizes=\"auto, (max-width: 696px) 100vw, 696px\" \/><\/figure>\n<\/div>\n\n\n<p><\/p>\n\n\n\n<p>O governo federal j\u00e1 havia anunciado, no in\u00edcio desse m\u00eas, que anteciparia o pagamento do abono anual, informalmente conhecido como 13\u00ba, para benefici\u00e1rios do INSS para os meses de maio e junho. Ao todo, ser\u00e3o pagos R$ 62,6 bilh\u00f5es.<\/p>\n\n\n\n<p>O benef\u00edcio normalmente \u00e9 pago apenas no segundo semestre, mas desde 2020 os pagamentos foram antecipados para os primeiros seis meses do ano.<\/p>\n\n\n\n<p>T\u00eam direito ao abono os segurados do INSS que durante este ano tenham recebido aux\u00edlio por incapacidade tempor\u00e1ria, aux\u00edlio-acidente, aposentadoria, pens\u00e3o por morte ou aux\u00edlio-reclus\u00e3o.<\/p>\n\n\n\n<p><strong>Reajuste<\/strong><\/p>\n\n\n\n<p>O piso previdenci\u00e1rio, valor m\u00ednimo dos benef\u00edcios do INSS, passou a ser de R$ 1.320 em 1\u00ba de maio &#8211; acompanhando o novo valor do sal\u00e1rio m\u00ednimo nacional. At\u00e9 abril, o piso era R$ 1.302.<\/p>\n\n\n\n<p><em><strong>(Fonte: g1\/Imagem: Marcello Casal Jr.\/Ag\u00eancia Brasil)<\/strong><\/em><\/p>\n","protected":false},"excerpt":{"rendered":"<p>A primeira parcela do 13\u00ba come\u00e7a a ser paga na pr\u00f3xima quinta-feira (25)<\/p>\n","protected":false},"author":30,"featured_media":109426,"comment_status":"closed","ping_status":"0","sticky":false,"template":"","format":"standard","meta":{"footnotes":""},"categories":[2829,1],"tags":[],"class_list":["post-109425","post","type-post","status-publish","format-standard","has-post-thumbnail","hentry","category-economia","category-noticias"],"_links":{"self":[{"href":"https:\/\/tvtecjundiai.com.br\/news\/wp-json\/wp\/v2\/posts\/109425","targetHints":{"allow":["GET"]}}],"collection":[{"href":"https:\/\/tvtecjundiai.com.br\/news\/wp-json\/wp\/v2\/posts"}],"about":[{"href":"https:\/\/tvtecjundiai.com.br\/news\/wp-json\/wp\/v2\/types\/post"}],"author":[{"embeddable":true,"href":"https:\/\/tvtecjundiai.com.br\/news\/wp-json\/wp\/v2\/users\/30"}],"replies":[{"embeddable":true,"href":"https:\/\/tvtecjundiai.com.br\/news\/wp-json\/wp\/v2\/comments?post=109425"}],"version-history":[{"count":1,"href":"https:\/\/tvtecjundiai.com.br\/news\/wp-json\/wp\/v2\/posts\/109425\/revisions"}],"predecessor-version":[{"id":109427,"href":"https:\/\/tvtecjundiai.com.br\/news\/wp-json\/wp\/v2\/posts\/109425\/revisions\/109427"}],"wp:featuredmedia":[{"embeddable":true,"href":"https:\/\/tvtecjundiai.com.br\/news\/wp-json\/wp\/v2\/media\/109426"}],"wp:attachment":[{"href":"https:\/\/tvtecjundiai.com.br\/news\/wp-json\/wp\/v2\/media?parent=109425"}],"wp:term":[{"taxonomy":"category","embeddable":true,"href":"https:\/\/tvtecjundiai.com.br\/news\/wp-json\/wp\/v2\/categories?post=109425"},{"taxonomy":"post_tag","embeddable":true,"href":"https:\/\/tvtecjundiai.com.br\/news\/wp-json\/wp\/v2\/tags?post=109425"}],"curies":[{"name":"wp","href":"https:\/\/api.w.org\/{rel}","templated":true}]}}