{"id":109435,"date":"2023-05-20T09:13:11","date_gmt":"2023-05-20T12:13:11","guid":{"rendered":"https:\/\/tvtecjundiai.com.br\/news\/?p=109435"},"modified":"2023-05-20T09:13:11","modified_gmt":"2023-05-20T12:13:11","slug":"prefeitura-anuncia-ampliacao-e-reforma-da-ubs-tamoio","status":"publish","type":"post","link":"https:\/\/tvtecjundiai.com.br\/news\/2023\/05\/20\/prefeitura-anuncia-ampliacao-e-reforma-da-ubs-tamoio\/","title":{"rendered":"Prefeitura anuncia amplia\u00e7\u00e3o e reforma da UBS Tamoio"},"content":{"rendered":"\n<p>A Prefeitura de Jundia\u00ed anunciou, nesta sexta-feira (19), a reforma e amplia\u00e7\u00e3o da Unidade B\u00e1sica de Sa\u00fade (UBS) Antonio Alves Coelho, que fica do bairro Jardim Tamoio. O an\u00fancio foi feito pelos gestores Tiago Texera (Sa\u00fade) e Jos\u00e9 Antonio Parimoschi (Governo e Finan\u00e7as), em reuni\u00e3o com servidores e mun\u00edcipes. Os investimentos est\u00e3o na casa de R$ 1,4 milh\u00e3o.<\/p>\n\n\n\n<p>A obra est\u00e1 em fase de elabora\u00e7\u00e3o de projeto, que prev\u00ea a reforma completa do pr\u00e9dio j\u00e1 existente e a constru\u00e7\u00e3o de um anexo, ambos no modelo Nova UBS. Haver\u00e1 amplia\u00e7\u00e3o do n\u00famero de consult\u00f3rios m\u00e9dicos e multidisciplinares, de quatro para 14. A recep\u00e7\u00e3o, sala de vacina e consult\u00f3rios odontol\u00f3gico tamb\u00e9m ser\u00e3o contemplados.<\/p>\n\n\n<div class=\"wp-block-image\">\n<figure class=\"aligncenter size-large\"><img loading=\"lazy\" decoding=\"async\" width=\"1200\" height=\"801\" src=\"https:\/\/tvtecjundiai.com.br\/news\/wp-content\/uploads\/sites\/2\/2023\/05\/anuncio_ampliacao_reforma_ubs_tamoio_pa-3-1280x854-1-1200x801.jpg\" alt=\"\" class=\"wp-image-109436\" srcset=\"https:\/\/tvtecjundiai.com.br\/news\/wp-content\/uploads\/sites\/2\/2023\/05\/anuncio_ampliacao_reforma_ubs_tamoio_pa-3-1280x854-1-1200x801.jpg 1200w, https:\/\/tvtecjundiai.com.br\/news\/wp-content\/uploads\/sites\/2\/2023\/05\/anuncio_ampliacao_reforma_ubs_tamoio_pa-3-1280x854-1-300x200.jpg 300w, https:\/\/tvtecjundiai.com.br\/news\/wp-content\/uploads\/sites\/2\/2023\/05\/anuncio_ampliacao_reforma_ubs_tamoio_pa-3-1280x854-1-768x512.jpg 768w, https:\/\/tvtecjundiai.com.br\/news\/wp-content\/uploads\/sites\/2\/2023\/05\/anuncio_ampliacao_reforma_ubs_tamoio_pa-3-1280x854-1.jpg 1280w\" sizes=\"auto, (max-width: 1200px) 100vw, 1200px\" \/><figcaption class=\"wp-element-caption\">Gestores se reuniram com servidores e mun\u00edcipes na UBS do Jardim Tamoio<\/figcaption><\/figure>\n<\/div>\n\n\n<p>O projeto ainda prev\u00ea a constru\u00e7\u00e3o de sala de amamenta\u00e7\u00e3o, sala de emerg\u00eancia, sala p\u00f3s-consulta, sala multiuso e de descompress\u00e3o. \u201cSer\u00e1 uma amplia\u00e7\u00e3o para oferecer mais assist\u00eancia e diminuir o tempo de espera para consultas e atendimentos. No fim das contas, o importante \u00e9 a presta\u00e7\u00e3o de servi\u00e7o p\u00fablico de qualidade\u201d, comenta Texera.<\/p>\n\n\n\n<p>Parimoschi ressaltou os investimentos que est\u00e3o sendo feitos na regi\u00e3o leste, como por exemplo a constru\u00e7\u00e3o do Pronto Atendimento e Cl\u00ednica da Fam\u00edlia da Ponte S\u00e3o Jo\u00e3o. \u201cA sa\u00fade \u00e9 uma das prioridades da gest\u00e3o do Prefeito Luiz Fernando Machado. Est\u00e3o sendo feitas obras estruturantes e investimentos para melhorar ainda mais a qualidade do nosso atendimento, que \u00e9 uma refer\u00eancia para todo o Brasil\u201d, afirma.<\/p>\n\n\n\n<p>A previs\u00e3o de entrega da Nova UBS \u00e9 2024. A reuni\u00e3o contou com a presen\u00e7a do vereador M\u00e1rcio Cabeleireiro.<\/p>\n\n\n\n<p><strong><em>Fonte \/ Imagem: Prefeitura de Jundia\u00ed<\/em><\/strong><\/p>\n","protected":false},"excerpt":{"rendered":"<p>Gestores se reuniram com servidores e mun\u00edcipes na UBS do Jardim Tamoio<\/p>\n","protected":false},"author":30,"featured_media":109436,"comment_status":"closed","ping_status":"0","sticky":false,"template":"","format":"standard","meta":{"footnotes":""},"categories":[8356,1],"tags":[],"class_list":["post-109435","post","type-post","status-publish","format-standard","has-post-thumbnail","hentry","category-jundiai","category-noticias"],"_links":{"self":[{"href":"https:\/\/tvtecjundiai.com.br\/news\/wp-json\/wp\/v2\/posts\/109435","targetHints":{"allow":["GET"]}}],"collection":[{"href":"https:\/\/tvtecjundiai.com.br\/news\/wp-json\/wp\/v2\/posts"}],"about":[{"href":"https:\/\/tvtecjundiai.com.br\/news\/wp-json\/wp\/v2\/types\/post"}],"author":[{"embeddable":true,"href":"https:\/\/tvtecjundiai.com.br\/news\/wp-json\/wp\/v2\/users\/30"}],"replies":[{"embeddable":true,"href":"https:\/\/tvtecjundiai.com.br\/news\/wp-json\/wp\/v2\/comments?post=109435"}],"version-history":[{"count":1,"href":"https:\/\/tvtecjundiai.com.br\/news\/wp-json\/wp\/v2\/posts\/109435\/revisions"}],"predecessor-version":[{"id":109437,"href":"https:\/\/tvtecjundiai.com.br\/news\/wp-json\/wp\/v2\/posts\/109435\/revisions\/109437"}],"wp:featuredmedia":[{"embeddable":true,"href":"https:\/\/tvtecjundiai.com.br\/news\/wp-json\/wp\/v2\/media\/109436"}],"wp:attachment":[{"href":"https:\/\/tvtecjundiai.com.br\/news\/wp-json\/wp\/v2\/media?parent=109435"}],"wp:term":[{"taxonomy":"category","embeddable":true,"href":"https:\/\/tvtecjundiai.com.br\/news\/wp-json\/wp\/v2\/categories?post=109435"},{"taxonomy":"post_tag","embeddable":true,"href":"https:\/\/tvtecjundiai.com.br\/news\/wp-json\/wp\/v2\/tags?post=109435"}],"curies":[{"name":"wp","href":"https:\/\/api.w.org\/{rel}","templated":true}]}}