{"id":109449,"date":"2023-05-20T09:19:03","date_gmt":"2023-05-20T12:19:03","guid":{"rendered":"https:\/\/tvtecjundiai.com.br\/news\/?p=109449"},"modified":"2023-05-20T09:19:04","modified_gmt":"2023-05-20T12:19:04","slug":"seguranca-e-pauta-de-encontro-de-gestores-com-moradores-da-ponte-sao-joao","status":"publish","type":"post","link":"https:\/\/tvtecjundiai.com.br\/news\/2023\/05\/20\/seguranca-e-pauta-de-encontro-de-gestores-com-moradores-da-ponte-sao-joao\/","title":{"rendered":"Seguran\u00e7a \u00e9 pauta de encontro de gestores com moradores da Ponte S\u00e3o Jo\u00e3o"},"content":{"rendered":"\n<p>Na noite desta quarta-feira (17), gestores municipais e autoridades de seguran\u00e7a se reuniram com os moradores da regi\u00e3o da Ponte S\u00e3o Jo\u00e3o, para presta\u00e7\u00e3o de contas sobre as a\u00e7\u00f5es voltadas ao tema. O Prefeito Luiz Fernando Machado foi representado pelo Gestor de Governo e Finan\u00e7as, Jos\u00e9 Antonio Parimoschi. A reuni\u00e3o foi solicitada pela vereadora Qu\u00e9zia de Lucca.<\/p>\n\n\n\n<p>O encontro foi voltado aos esclarecimentos das principais d\u00favidas de seguran\u00e7a p\u00fablica. Vale ressaltar que a Prefeitura de Jundia\u00ed tem um extenso plano de a\u00e7\u00e3o para a regi\u00e3o, por meio do Programa Bairro Seguro. Algumas das principais a\u00e7\u00f5es foram: troca da ilumina\u00e7\u00e3o p\u00fablica, obras de infraestrutura, como muros de conten\u00e7\u00e3o na rua Dino, Lima, Angelina Bulchiarelli de Carvalho, rua Graff e Avenida \u00c2ngelo Rivelli, e a intensifica\u00e7\u00e3o de fiscaliza\u00e7\u00e3o nos com\u00e9rcios para coibir a pr\u00e1tica de recepta\u00e7\u00e3o de produtos furtados ou roubados, al\u00e9m das ronda da Guarda Municipal em conjunto com a Pol\u00edcia Militar.<\/p>\n\n\n\n<p>\u201cTivemos a\u00e7\u00f5es bastante efetivas em toda a regi\u00e3o da Ponte S\u00e3o Jo\u00e3o, que englobam a seguran\u00e7a, infraestrutura e assist\u00eancia social. Sabemos que ainda h\u00e1 problemas que incomodam as pessoas e estamos ao lado da comunidade para entender as demandas e melhorar ainda mais o bairro\u201d, ressaltou Parimoschi.<\/p>\n\n\n<div class=\"wp-block-image\">\n<figure class=\"aligncenter size-large\"><img loading=\"lazy\" decoding=\"async\" width=\"1200\" height=\"801\" src=\"https:\/\/tvtecjundiai.com.br\/news\/wp-content\/uploads\/sites\/2\/2023\/05\/reuniao_de_bairro_ponte_sao_joao-47-3-1280x854-1-1200x801.jpg\" alt=\"\" class=\"wp-image-109450\" srcset=\"https:\/\/tvtecjundiai.com.br\/news\/wp-content\/uploads\/sites\/2\/2023\/05\/reuniao_de_bairro_ponte_sao_joao-47-3-1280x854-1-1200x801.jpg 1200w, https:\/\/tvtecjundiai.com.br\/news\/wp-content\/uploads\/sites\/2\/2023\/05\/reuniao_de_bairro_ponte_sao_joao-47-3-1280x854-1-300x200.jpg 300w, https:\/\/tvtecjundiai.com.br\/news\/wp-content\/uploads\/sites\/2\/2023\/05\/reuniao_de_bairro_ponte_sao_joao-47-3-1280x854-1-768x512.jpg 768w, https:\/\/tvtecjundiai.com.br\/news\/wp-content\/uploads\/sites\/2\/2023\/05\/reuniao_de_bairro_ponte_sao_joao-47-3-1280x854-1.jpg 1280w\" sizes=\"auto, (max-width: 1200px) 100vw, 1200px\" \/><figcaption class=\"wp-element-caption\">Autoridades apresentaram a\u00e7\u00f5es e resultados do Programa Bairro Seguro<\/figcaption><\/figure>\n<\/div>\n\n\n<p>Outros dados apresentados pela Pol\u00edcia Militar e pela Guarda Municipal foram: a captura de 34 procurados, 1.120 rondas realizadas de janeiro a abril deste ano, 429 atendimentos de ocorr\u00eancia, 25 opera\u00e7\u00f5es preventivas em ambientes escolares e 16 atendimentos em conjunto com a assist\u00eancia social. Foi ressaltado, ainda, o aumento de 55 guardas no efetivo, que ultrapassa os 450 agentes.<\/p>\n\n\n\n<p>\u201cA Ponte S\u00e3o Jo\u00e3o \u00e9 uma regi\u00e3o com a\u00e7\u00f5es cont\u00ednuas e demandas ainda existentes. A atua\u00e7\u00e3o conjunta dos Poderes Executivo e Legislativo tem como objetivo tornar o bairro cada vez mais seguro\u201d, argumenta Qu\u00e9zia.<\/p>\n\n\n\n<p>Tamb\u00e9m participou da reuni\u00e3o o gestor de Mobilidade e Transporte, Aloysio Queiroz, al\u00e9m de representantes das Unidades de Gest\u00e3o de Infraestrutura e servi\u00e7os P\u00fablicos (UGISP), Assist\u00eancia e Desenvolvimento Social (UGADS), Educa\u00e7\u00e3o (UGE), Guarda Municipal, Pol\u00edcia Militar, Pol\u00edcia Civil e do Conselho Comunit\u00e1rio de Seguran\u00e7a Leste (Conseg).<\/p>\n\n\n\n<p><strong><em>Fonte \/ Imagem: Prefeitura de Jundia\u00ed<\/em><\/strong><\/p>\n","protected":false},"excerpt":{"rendered":"<p>Autoridades apresentaram a\u00e7\u00f5es e resultados do Programa Bairro Seguro<\/p>\n","protected":false},"author":30,"featured_media":109450,"comment_status":"closed","ping_status":"0","sticky":false,"template":"","format":"standard","meta":{"footnotes":""},"categories":[8356,1,4831],"tags":[],"class_list":["post-109449","post","type-post","status-publish","format-standard","has-post-thumbnail","hentry","category-jundiai","category-noticias","category-seguranca"],"_links":{"self":[{"href":"https:\/\/tvtecjundiai.com.br\/news\/wp-json\/wp\/v2\/posts\/109449","targetHints":{"allow":["GET"]}}],"collection":[{"href":"https:\/\/tvtecjundiai.com.br\/news\/wp-json\/wp\/v2\/posts"}],"about":[{"href":"https:\/\/tvtecjundiai.com.br\/news\/wp-json\/wp\/v2\/types\/post"}],"author":[{"embeddable":true,"href":"https:\/\/tvtecjundiai.com.br\/news\/wp-json\/wp\/v2\/users\/30"}],"replies":[{"embeddable":true,"href":"https:\/\/tvtecjundiai.com.br\/news\/wp-json\/wp\/v2\/comments?post=109449"}],"version-history":[{"count":1,"href":"https:\/\/tvtecjundiai.com.br\/news\/wp-json\/wp\/v2\/posts\/109449\/revisions"}],"predecessor-version":[{"id":109451,"href":"https:\/\/tvtecjundiai.com.br\/news\/wp-json\/wp\/v2\/posts\/109449\/revisions\/109451"}],"wp:featuredmedia":[{"embeddable":true,"href":"https:\/\/tvtecjundiai.com.br\/news\/wp-json\/wp\/v2\/media\/109450"}],"wp:attachment":[{"href":"https:\/\/tvtecjundiai.com.br\/news\/wp-json\/wp\/v2\/media?parent=109449"}],"wp:term":[{"taxonomy":"category","embeddable":true,"href":"https:\/\/tvtecjundiai.com.br\/news\/wp-json\/wp\/v2\/categories?post=109449"},{"taxonomy":"post_tag","embeddable":true,"href":"https:\/\/tvtecjundiai.com.br\/news\/wp-json\/wp\/v2\/tags?post=109449"}],"curies":[{"name":"wp","href":"https:\/\/api.w.org\/{rel}","templated":true}]}}