{"id":109472,"date":"2023-05-20T17:35:29","date_gmt":"2023-05-20T20:35:29","guid":{"rendered":"https:\/\/tvtecjundiai.com.br\/news\/?p=109472"},"modified":"2023-05-20T17:43:39","modified_gmt":"2023-05-20T20:43:39","slug":"galpao-criativo-promove-inclusao-e-sustentabilidade","status":"publish","type":"post","link":"https:\/\/tvtecjundiai.com.br\/news\/2023\/05\/20\/galpao-criativo-promove-inclusao-e-sustentabilidade\/","title":{"rendered":"Galp\u00e3o Criativo promove inclus\u00e3o e sustentabilidade"},"content":{"rendered":"\n<p>A 4\u00aa edi\u00e7\u00e3o da Mostra Galp\u00e3o Criativo, projeto da Prefeitura de Jundia\u00ed e da Funda\u00e7\u00e3o Escola TVTEC Jundia\u00ed, oferece diversidade, inclus\u00e3o, sustentabilidade e oportunidades de gera\u00e7\u00e3o de renda. O evento contou com programa\u00e7\u00e3o musical, desfile de moda, espa\u00e7o gastron\u00f4mico, espa\u00e7o zen e espa\u00e7o kids.<\/p>\n\n\n\n<p>Durante o evento, atividades foram realizadas para conscientizar o p\u00fablico sobre a import\u00e2ncia da inclus\u00e3o, como um desfile de moda plus size. D\u00e9bora Antas Gibello, organizadora do desfile e propriet\u00e1ria de uma boutique de moda plus size, transmite sua imensa felicidade ao participar pela primeira vez do Galp\u00e3o Criativo na TVTEC.  &#8220;Estou muito feliz em participar, at\u00e9 trouxe toda minha fam\u00edlia, que veio de S\u00e3o Paulo para prestigiar o evento. Meu prop\u00f3sito \u00e9 levar a inclus\u00e3o para as feiras, pois \u00e9 dif\u00edcil ver esse tipo de loja. Al\u00e9m disso, busco elevar a autoestima das mulheres, para que se sintam confiantes e bem consigo mesmas. Ser uma refer\u00eancia inspiradora para as mulheres \u00e9 o que me motiva todos os dias&#8221;, diz.<\/p>\n\n\n<div class=\"wp-block-image\">\n<figure class=\"aligncenter size-large\"><img loading=\"lazy\" decoding=\"async\" width=\"1200\" height=\"900\" src=\"https:\/\/tvtecjundiai.com.br\/news\/wp-content\/uploads\/sites\/2\/2023\/05\/WhatsApp-Image-2023-05-20-at-17.28.43-1-1200x900.jpeg\" alt=\"\" class=\"wp-image-109479\" srcset=\"https:\/\/tvtecjundiai.com.br\/news\/wp-content\/uploads\/sites\/2\/2023\/05\/WhatsApp-Image-2023-05-20-at-17.28.43-1-1200x900.jpeg 1200w, https:\/\/tvtecjundiai.com.br\/news\/wp-content\/uploads\/sites\/2\/2023\/05\/WhatsApp-Image-2023-05-20-at-17.28.43-1-300x225.jpeg 300w, https:\/\/tvtecjundiai.com.br\/news\/wp-content\/uploads\/sites\/2\/2023\/05\/WhatsApp-Image-2023-05-20-at-17.28.43-1-768x576.jpeg 768w, https:\/\/tvtecjundiai.com.br\/news\/wp-content\/uploads\/sites\/2\/2023\/05\/WhatsApp-Image-2023-05-20-at-17.28.43-1.jpeg 1280w\" sizes=\"auto, (max-width: 1200px) 100vw, 1200px\" \/><figcaption class=\"wp-element-caption\">D\u00e9bora Antas Gibello transmite sua imensa felicidade ao participar pela primeira vez do Galp\u00e3o Criativo na TVTEC.<\/figcaption><\/figure>\n<\/div>\n\n\n<p>Sua participa\u00e7\u00e3o \u00e9 uma oportunidade de mostrar ao p\u00fablico a diversidade e a beleza de todos os corpos, rompendo padr\u00f5es estereotipados de beleza e valorizando a aceita\u00e7\u00e3o e o amor-pr\u00f3prio. &#8220;Toda mulher merece se amar e se sentir bem, principalmente com seu corpo. Por isso \u00e9 importante mostrar que podemos desfilar e usar as roupas que desejamos, sem restri\u00e7\u00f5es&#8221;, comenta.<\/p>\n\n\n\n<p>Tamb\u00e9m participando do Galp\u00e3o Criativo pela primeira vez, a propriet\u00e1ria do Caranguejo Brech\u00f3, Gabi Tjhio, transborda empolga\u00e7\u00e3o ao compartilhar suas pe\u00e7as \u00fanicas. &#8220;Aqui \u00e9 um lugar de muita inspira\u00e7\u00e3o e repleto de criatividade, por isso trouxe uma variedade de pe\u00e7as de todas as esta\u00e7\u00f5es, com estampas e cores diversificadas para agradar a todos os gostos. Estou muito feliz em estar aqui hoje e poder apresentar um pouco do conceito de sustentabilidade atrav\u00e9s do meu brech\u00f3&#8221;. <\/p>\n\n\n\n<figure class=\"wp-block-image size-large\"><img loading=\"lazy\" decoding=\"async\" width=\"1200\" height=\"900\" src=\"https:\/\/tvtecjundiai.com.br\/news\/wp-content\/uploads\/sites\/2\/2023\/05\/WhatsApp-Image-2023-05-20-at-17.28.45-1200x900.jpeg\" alt=\"\" class=\"wp-image-109480\" srcset=\"https:\/\/tvtecjundiai.com.br\/news\/wp-content\/uploads\/sites\/2\/2023\/05\/WhatsApp-Image-2023-05-20-at-17.28.45-1200x900.jpeg 1200w, https:\/\/tvtecjundiai.com.br\/news\/wp-content\/uploads\/sites\/2\/2023\/05\/WhatsApp-Image-2023-05-20-at-17.28.45-300x225.jpeg 300w, https:\/\/tvtecjundiai.com.br\/news\/wp-content\/uploads\/sites\/2\/2023\/05\/WhatsApp-Image-2023-05-20-at-17.28.45-768x576.jpeg 768w, https:\/\/tvtecjundiai.com.br\/news\/wp-content\/uploads\/sites\/2\/2023\/05\/WhatsApp-Image-2023-05-20-at-17.28.45.jpeg 1280w\" sizes=\"auto, (max-width: 1200px) 100vw, 1200px\" \/><\/figure>\n\n\n\n<p><\/p>\n\n\n\n<p>Com uma proposta inovadora e engajada, o Galp\u00e3o Criativo refor\u00e7a seu compromisso em promover a inclus\u00e3o social e a sustentabilidade como valores fundamentais para o desenvolvimento cultural e econ\u00f4mico da regi\u00e3o. O evento se torna um exemplo inspirador para outras cidades, mostrando que \u00e9 poss\u00edvel construir um evento mais consciente e inclusivo atrav\u00e9s da economia criativa.<\/p>\n\n\n\n<p><strong><em>Fonte \/ Imagem: TVTEC Jundia\u00ed <\/em><\/strong><\/p>\n","protected":false},"excerpt":{"rendered":"<p>O Galp\u00e3o Criativo promove a inclus\u00e3o social e a sustentabilidade <\/p>\n","protected":false},"author":30,"featured_media":109479,"comment_status":"closed","ping_status":"0","sticky":false,"template":"","format":"standard","meta":{"footnotes":""},"categories":[29,8408,8356,1],"tags":[],"class_list":["post-109472","post","type-post","status-publish","format-standard","has-post-thumbnail","hentry","category-destaque","category-galpao-criativo","category-jundiai","category-noticias"],"_links":{"self":[{"href":"https:\/\/tvtecjundiai.com.br\/news\/wp-json\/wp\/v2\/posts\/109472","targetHints":{"allow":["GET"]}}],"collection":[{"href":"https:\/\/tvtecjundiai.com.br\/news\/wp-json\/wp\/v2\/posts"}],"about":[{"href":"https:\/\/tvtecjundiai.com.br\/news\/wp-json\/wp\/v2\/types\/post"}],"author":[{"embeddable":true,"href":"https:\/\/tvtecjundiai.com.br\/news\/wp-json\/wp\/v2\/users\/30"}],"replies":[{"embeddable":true,"href":"https:\/\/tvtecjundiai.com.br\/news\/wp-json\/wp\/v2\/comments?post=109472"}],"version-history":[{"count":6,"href":"https:\/\/tvtecjundiai.com.br\/news\/wp-json\/wp\/v2\/posts\/109472\/revisions"}],"predecessor-version":[{"id":109485,"href":"https:\/\/tvtecjundiai.com.br\/news\/wp-json\/wp\/v2\/posts\/109472\/revisions\/109485"}],"wp:featuredmedia":[{"embeddable":true,"href":"https:\/\/tvtecjundiai.com.br\/news\/wp-json\/wp\/v2\/media\/109479"}],"wp:attachment":[{"href":"https:\/\/tvtecjundiai.com.br\/news\/wp-json\/wp\/v2\/media?parent=109472"}],"wp:term":[{"taxonomy":"category","embeddable":true,"href":"https:\/\/tvtecjundiai.com.br\/news\/wp-json\/wp\/v2\/categories?post=109472"},{"taxonomy":"post_tag","embeddable":true,"href":"https:\/\/tvtecjundiai.com.br\/news\/wp-json\/wp\/v2\/tags?post=109472"}],"curies":[{"name":"wp","href":"https:\/\/api.w.org\/{rel}","templated":true}]}}