{"id":109495,"date":"2023-05-21T13:04:50","date_gmt":"2023-05-21T16:04:50","guid":{"rendered":"https:\/\/tvtecjundiai.com.br\/news\/?p=109495"},"modified":"2023-05-21T13:04:50","modified_gmt":"2023-05-21T16:04:50","slug":"curso-superior-de-tecnologia-em-eventos-da-fatec-jundiai-promove-o-12o-encontro-de-tecnologia-e-cultura-com-o-tema-humanidades-e-futuro","status":"publish","type":"post","link":"https:\/\/tvtecjundiai.com.br\/news\/2023\/05\/21\/curso-superior-de-tecnologia-em-eventos-da-fatec-jundiai-promove-o-12o-encontro-de-tecnologia-e-cultura-com-o-tema-humanidades-e-futuro\/","title":{"rendered":"Curso Superior de Tecnologia em Eventos da Fatec Jundia\u00ed promove o 12\u00ba Encontro de Tecnologia e Cultura com o tema \u201cHumanidades e Futuro\u201d"},"content":{"rendered":"\n<p><\/p>\n\n\n\n<p>No dia 22 de maio de 2023 ser\u00e1 realizado o 12\u00ba Encontro de Tecnologia e Cultura, com o tema \u201cHumanidades e Futuros\u201d na Biblioteca Municipal Nelson Foot. Como nas edi\u00e7\u00f5es anteriores, o evento realizado pela Fatec Jundia\u00ed propor\u00e1 reflex\u00f5es que permeiam a sociedade e articulam o ensino a pesquisa e extens\u00e3o..<\/p>\n\n\n\n<p>O Encontro contar\u00e1 com discuss\u00f5es acerca do livro de Ailton Krenak \u201cIdeias para adiar o fim do mundo\u201d, somado a experi\u00eancias formativas em visita a exposi\u00e7\u00e3o realizada por alunos.<\/p>\n\n\n\n<p>A exposi\u00e7\u00e3o \u201cComendo a Terra e Segurando o C\u00e9u\u201d ficar\u00e1 dispon\u00edvel para visita\u00e7\u00e3o durante todo o m\u00eas de maio na Biblioteca Nelson Foot, na Vila Arens em Jundia\u00ed, com entrada gratuita e realiza\u00e7\u00e3o da Fatec Deputado Ary Fossen, apoio institucional da Neo Tech Empresa Jr., N\u00facleo de Estudos e Tecnologia e Sociedade (NETS), Biblioteca Nelson Foot e apoio da Label, Mandacaru, ToMove \u2013 Lazer e Esportes, Vegas \u2013 Lounge e Eventos, Thais Negri e Trof\u00ed \u2013 Food Service.<\/p>\n\n\n<div class=\"wp-block-image\">\n<figure class=\"aligncenter size-full\"><img loading=\"lazy\" decoding=\"async\" width=\"434\" height=\"436\" src=\"https:\/\/tvtecjundiai.com.br\/news\/wp-content\/uploads\/sites\/2\/2023\/05\/texto-fatec-1.png\" alt=\"\" class=\"wp-image-109496\" srcset=\"https:\/\/tvtecjundiai.com.br\/news\/wp-content\/uploads\/sites\/2\/2023\/05\/texto-fatec-1.png 434w, https:\/\/tvtecjundiai.com.br\/news\/wp-content\/uploads\/sites\/2\/2023\/05\/texto-fatec-1-300x301.png 300w, https:\/\/tvtecjundiai.com.br\/news\/wp-content\/uploads\/sites\/2\/2023\/05\/texto-fatec-1-100x100.png 100w\" sizes=\"auto, (max-width: 434px) 100vw, 434px\" \/><figcaption class=\"wp-element-caption\">Divulga\u00e7\u00e3o da exposi\u00e7\u00e3o \u201cComendo a Terra e Segurando o C\u00e9u\u201d Instagram &#8211; Eventos Fatec (2023)<\/figcaption><\/figure>\n<\/div>\n\n\n<p>No dia 22 de maio a programa\u00e7\u00e3o ser\u00e1 composta pela a Roda de Conversa \u201cComendo a Terra: uma humanidade e um \u00fanico futuro?\u201d com a Profa. Ana Clara Grossi Martins e a jornalista M\u00f4nica Gropelo; A segunda Roda de Conversa \u201cSegurando o C\u00e9u: como contar mais uma hist\u00f3ria para humanidades futuras\u201d ter\u00e1 a participa\u00e7\u00e3o do Prof. Dr. Walter Morales Fagundes e a artista Gabizine; como encerramento das discuss\u00f5es o Prof. Dr. Emerson Freire far\u00e1 uma correla\u00e7\u00e3o na tem\u00e1tica das Rodas de Conversa e haver\u00e1 uma Interven\u00e7\u00e3o Cultural com apresenta\u00e7\u00f5es de batalha de rimas, aberta para<br>participa\u00e7\u00e3o do p\u00fablico presente.<\/p>\n\n\n<div class=\"wp-block-image\">\n<figure class=\"aligncenter size-full\"><img loading=\"lazy\" decoding=\"async\" width=\"519\" height=\"536\" src=\"https:\/\/tvtecjundiai.com.br\/news\/wp-content\/uploads\/sites\/2\/2023\/05\/texto-fatec-2.png\" alt=\"\" class=\"wp-image-109497\" srcset=\"https:\/\/tvtecjundiai.com.br\/news\/wp-content\/uploads\/sites\/2\/2023\/05\/texto-fatec-2.png 519w, https:\/\/tvtecjundiai.com.br\/news\/wp-content\/uploads\/sites\/2\/2023\/05\/texto-fatec-2-300x310.png 300w\" sizes=\"auto, (max-width: 519px) 100vw, 519px\" \/><figcaption class=\"wp-element-caption\">Exposi\u00e7\u00e3o \u201cComendo a Terra e Segurando o C\u00e9u\u201d<br>Autores (2023)<\/figcaption><\/figure>\n<\/div>\n\n\n<p>O 12\u00ba Encontro de Tecnologia e Cultura \u00e9 aberto a todo p\u00fablico com classifica\u00e7\u00e3o et\u00e1ria livre, na Av. Dr. Cavalcanti, 396 &#8211; Vila Arens, Jundia\u00ed das 9 \u00e0s 13 horas. As inscri\u00e7\u00f5es e detalhes sobre o evento podem ser acessados a partir da plataforma Even3, pelo link <a href=\"https:\/\/www.even3.com.br\/12-encontro-de-tecnologia-e-cultura-326127?utm_source=plataforma&amp;utm_medium=recomendacao&amp;utm_campaign=30422-326127\">https:\/\/www.even3.com.br\/12-encontro-de-tecnologia-e-cultura-326127?utm_source=plataforma&amp;utm_medium=recomendacao&amp;utm_campaign=30422-326127<\/a><\/p>\n\n\n\n<p><em><strong>Fonte \/ Imagem:<\/strong><\/em><strong><em> Fatec<\/em><\/strong><\/p>\n","protected":false},"excerpt":{"rendered":"<p>O evento acontecer\u00e1 em Jundia\u00ed no dia 22 de maio com uma exposi\u00e7\u00e3o dispon\u00edvel para visita\u00e7\u00e3o gratuita durante todo o m\u00eas de maio.<\/p>\n","protected":false},"author":31,"featured_media":109497,"comment_status":"closed","ping_status":"0","sticky":false,"template":"","format":"standard","meta":{"footnotes":""},"categories":[1],"tags":[],"class_list":["post-109495","post","type-post","status-publish","format-standard","has-post-thumbnail","hentry","category-noticias"],"_links":{"self":[{"href":"https:\/\/tvtecjundiai.com.br\/news\/wp-json\/wp\/v2\/posts\/109495","targetHints":{"allow":["GET"]}}],"collection":[{"href":"https:\/\/tvtecjundiai.com.br\/news\/wp-json\/wp\/v2\/posts"}],"about":[{"href":"https:\/\/tvtecjundiai.com.br\/news\/wp-json\/wp\/v2\/types\/post"}],"author":[{"embeddable":true,"href":"https:\/\/tvtecjundiai.com.br\/news\/wp-json\/wp\/v2\/users\/31"}],"replies":[{"embeddable":true,"href":"https:\/\/tvtecjundiai.com.br\/news\/wp-json\/wp\/v2\/comments?post=109495"}],"version-history":[{"count":1,"href":"https:\/\/tvtecjundiai.com.br\/news\/wp-json\/wp\/v2\/posts\/109495\/revisions"}],"predecessor-version":[{"id":109499,"href":"https:\/\/tvtecjundiai.com.br\/news\/wp-json\/wp\/v2\/posts\/109495\/revisions\/109499"}],"wp:featuredmedia":[{"embeddable":true,"href":"https:\/\/tvtecjundiai.com.br\/news\/wp-json\/wp\/v2\/media\/109497"}],"wp:attachment":[{"href":"https:\/\/tvtecjundiai.com.br\/news\/wp-json\/wp\/v2\/media?parent=109495"}],"wp:term":[{"taxonomy":"category","embeddable":true,"href":"https:\/\/tvtecjundiai.com.br\/news\/wp-json\/wp\/v2\/categories?post=109495"},{"taxonomy":"post_tag","embeddable":true,"href":"https:\/\/tvtecjundiai.com.br\/news\/wp-json\/wp\/v2\/tags?post=109495"}],"curies":[{"name":"wp","href":"https:\/\/api.w.org\/{rel}","templated":true}]}}