{"id":109500,"date":"2023-05-21T19:33:36","date_gmt":"2023-05-21T22:33:36","guid":{"rendered":"https:\/\/tvtecjundiai.com.br\/news\/?p=109500"},"modified":"2023-05-21T19:33:40","modified_gmt":"2023-05-21T22:33:40","slug":"4o-festival-de-curtas-cineasta-monica-palazzo-realiza-workshop-sobre-direcao-de-arte","status":"publish","type":"post","link":"https:\/\/tvtecjundiai.com.br\/news\/2023\/05\/21\/4o-festival-de-curtas-cineasta-monica-palazzo-realiza-workshop-sobre-direcao-de-arte\/","title":{"rendered":"4\u00ba Festival de Curtas: Cineasta M\u00f4nica Palazzo realiza workshop sobre dire\u00e7\u00e3o de arte"},"content":{"rendered":"\n<p>A cineasta, diretora de arte e produtora cinematogr\u00e1fica, M\u00f4nica Palazzo, realizou um workshop sobre dire\u00e7\u00e3o de arte, neste s\u00e1bado (20) e domingo (21), no audit\u00f3rio da Biblioteca P\u00fablica Municipal Prof. Nelson Foot.<\/p>\n\n\n\n<p>No encontro, os alunos ouviram as experi\u00eancias e a vis\u00e3o cinematogr\u00e1fica da cineasta sobre dire\u00e7\u00e3o de arte. \u201cNa dire\u00e7\u00e3o de arte de uma produ\u00e7\u00e3o audiovisual, a gente cria realidades para uma hist\u00f3ria ser contada, a partir de um roteiro. Essas experi\u00eancias que eu gostaria de levar para os alunos\u201d, lembra a cineasta.<\/p>\n\n\n\n<figure class=\"wp-block-image\"><img decoding=\"async\" src=\"https:\/\/jundiai.sp.gov.br\/noticias\/wp-content\/uploads\/sites\/32\/2023\/05\/workshop-de-direcao-de-arte-monica-palazzo-12-2-1280x854.jpg\" alt=\"Mulher, com camiseta preta e \u00f3culos, fala com a plateia. Ao fundo, temos uma cadeira vazia e uma tela projetando uma imagem.\" class=\"wp-image-317786\" \/><figcaption class=\"wp-element-caption\">Cineasta M\u00f4nica Palazzo realiza workshop sobre dire\u00e7\u00e3o de arte<\/figcaption><\/figure>\n\n\n\n<p>\u201c\u00c9 muito bom morar em uma cidade que tem o olhar para o audiovisual e para a Cultura. Estou fazendo um curso de Cinema e Literatura e como trabalho final precisamos entregar um curta-metragem. Ent\u00e3o decidi participar do workshop pensando em aprender mais sobre dire\u00e7\u00e3o de artes, porque sempre gostei de bastidores e quero saber como tudo funciona, o segredo por tr\u00e1s das c\u00e2meras\u201d, disse a jornalista Camila Bandeira, que participou do workshop.<\/p>\n\n\n\n<p>O Festival come\u00e7ou na \u00faltima quarta-feira (17) e chegou \u00e0 sua quarta edi\u00e7\u00e3o com programa\u00e7\u00e3o gratuita at\u00e9 o dia 28 de maio. O evento \u00e9 promovido pela Unidade de Gest\u00e3o de Cultura (UGC) com a C\u00e2mara Setorial do Audiovisual e Cultura Digital do Conselho Municipal de Pol\u00edtica Cultural (CMPC), com patroc\u00ednio do Moviecom Cinemas.<\/p>\n\n\n\n<p>\u201cUm dos nossos objetivos, com o 4\u00ba Festival de Curtas, \u00e9 trazer profissionais renomados que atuam no mercado, como a Monica, para essa troca de experi\u00eancias com quem atua no audiovisual da cidade, mas tamb\u00e9m como quem est\u00e1 tendo contato novo com a \u00e1rea\u201d, disse o diretor de Cultura de&nbsp;Jundia\u00ed, Jo\u00e3o Carlos de Luca.<\/p>\n\n\n\n<p>No pr\u00f3ximo domingo (28), ser\u00e1 realizada ainda uma sess\u00e3o extra da Mostra Competitiva, \u00e0s 11h, na sala 1 do Moviecom, com a Cerim\u00f4nia de Premia\u00e7\u00e3o e entrega de Trof\u00e9us, e exibi\u00e7\u00e3o dos trabalhos vencedores.<\/p>\n\n\n\n<figure class=\"wp-block-image\"><img decoding=\"async\" src=\"https:\/\/jundiai.sp.gov.br\/noticias\/wp-content\/uploads\/sites\/32\/2023\/05\/workshop-de-direcao-de-arte-monica-palazzo-14-10-1280x854.jpg\" alt=\"Mulher, com camiseta preta e \u00f3culos, fala com a plateia. Ao fundo, pessoas sentadas em poltronas azuis prestam a aten\u00e7\u00e3o na palestra.\" class=\"wp-image-317787\" \/><figcaption class=\"wp-element-caption\">Alunos registraram a import\u00e2ncia da troca de experi\u00eancias com a cineasta<\/figcaption><\/figure>\n\n\n\n<p><em><strong>Fonte \/ Imagem: Prefeitura de Jundia\u00ed<\/strong><\/em><\/p>\n","protected":false},"excerpt":{"rendered":"<p>No encontro, os alunos ouviram as experi\u00eancias e a vis\u00e3o cinematogr\u00e1fica da cineasta sobre dire\u00e7\u00e3o de arte<\/p>\n","protected":false},"author":31,"featured_media":109501,"comment_status":"closed","ping_status":"0","sticky":false,"template":"","format":"standard","meta":{"footnotes":""},"categories":[1],"tags":[],"class_list":["post-109500","post","type-post","status-publish","format-standard","has-post-thumbnail","hentry","category-noticias"],"_links":{"self":[{"href":"https:\/\/tvtecjundiai.com.br\/news\/wp-json\/wp\/v2\/posts\/109500","targetHints":{"allow":["GET"]}}],"collection":[{"href":"https:\/\/tvtecjundiai.com.br\/news\/wp-json\/wp\/v2\/posts"}],"about":[{"href":"https:\/\/tvtecjundiai.com.br\/news\/wp-json\/wp\/v2\/types\/post"}],"author":[{"embeddable":true,"href":"https:\/\/tvtecjundiai.com.br\/news\/wp-json\/wp\/v2\/users\/31"}],"replies":[{"embeddable":true,"href":"https:\/\/tvtecjundiai.com.br\/news\/wp-json\/wp\/v2\/comments?post=109500"}],"version-history":[{"count":1,"href":"https:\/\/tvtecjundiai.com.br\/news\/wp-json\/wp\/v2\/posts\/109500\/revisions"}],"predecessor-version":[{"id":109502,"href":"https:\/\/tvtecjundiai.com.br\/news\/wp-json\/wp\/v2\/posts\/109500\/revisions\/109502"}],"wp:featuredmedia":[{"embeddable":true,"href":"https:\/\/tvtecjundiai.com.br\/news\/wp-json\/wp\/v2\/media\/109501"}],"wp:attachment":[{"href":"https:\/\/tvtecjundiai.com.br\/news\/wp-json\/wp\/v2\/media?parent=109500"}],"wp:term":[{"taxonomy":"category","embeddable":true,"href":"https:\/\/tvtecjundiai.com.br\/news\/wp-json\/wp\/v2\/categories?post=109500"},{"taxonomy":"post_tag","embeddable":true,"href":"https:\/\/tvtecjundiai.com.br\/news\/wp-json\/wp\/v2\/tags?post=109500"}],"curies":[{"name":"wp","href":"https:\/\/api.w.org\/{rel}","templated":true}]}}