{"id":109503,"date":"2023-05-21T19:35:25","date_gmt":"2023-05-21T22:35:25","guid":{"rendered":"https:\/\/tvtecjundiai.com.br\/news\/?p=109503"},"modified":"2023-05-21T19:35:27","modified_gmt":"2023-05-21T22:35:27","slug":"votacao-para-o-premio-top-destinos-turisticos-vai-ate-sexta-26","status":"publish","type":"post","link":"https:\/\/tvtecjundiai.com.br\/news\/2023\/05\/21\/votacao-para-o-premio-top-destinos-turisticos-vai-ate-sexta-26\/","title":{"rendered":"Vota\u00e7\u00e3o para o Pr\u00eamio Top Destinos Tur\u00edsticos vai at\u00e9 sexta (26)"},"content":{"rendered":"\n<p><\/p>\n\n\n\n<p>A vota\u00e7\u00e3o popular para o Pr\u00eamio Top Destinos Tur\u00edsticos 2023 est\u00e1 aberta at\u00e9 a pr\u00f3xima sexta-feira (26). Jundia\u00ed, que \u00e9 bicampe\u00e3 do concurso (2019 e 2021), mais uma vez concorre na categoria Turismo Rural. Para votar, basta acessar o&nbsp;<a rel=\"noreferrer noopener\" href=\"https:\/\/votetop.com.br\/voteagora\" target=\"_blank\"><strong>site<\/strong><\/a>&nbsp;do evento, selecionar a categoria Turismo Rural e escolher o munic\u00edpio.<\/p>\n\n\n\n<p>O Top Destinos Tur\u00edsticos \u00e9 um dos mais importantes e desejados selos de reconhecimento aos munic\u00edpios e regi\u00f5es que investem e fazem do turismo um gerador de riquezas. O pr\u00eamio \u00e9 organizado pela ADVB e Skall.<\/p>\n\n\n\n<p>Hoje, das oito Rotas Tur\u00edsticas existentes em Jundia\u00ed, cinco s\u00e3o rurais e re\u00fanem mais de 80 empreendimentos que atuam no setor. A vota\u00e7\u00e3o popular via Internet e o j\u00fari t\u00e9cnico, constitu\u00eddo por especialistas nos diferentes segmentos de mercado \u2013 os quais correspondem \u00e0s categorias em disputa \u2013 validam a qualidade de atrativos tur\u00edsticos e aproxima o conjunto dos destinos participantes das m\u00faltiplas plataformas de distribui\u00e7\u00e3o que comp\u00f5em o trade tur\u00edstico.<\/p>\n\n\n\n<p>Este ano, a entrega do Pr\u00eamio acontecer\u00e1 em Jundia\u00ed, no Parque da Uva, na 6\u00aa Edi\u00e7\u00e3o do Conexidades, entre os dias 13 e 17 de junho. \u201c\u00c9 muito importante a mobiliza\u00e7\u00e3o de toda a popula\u00e7\u00e3o na vota\u00e7\u00e3o popular, pois o pr\u00eamio coroa o trabalho do setor de Turismo de Jundia\u00ed e mostra a voca\u00e7\u00e3o que a cidade tem para o Turismo Rural\u201d, disse o gestor de Agroneg\u00f3cio, Abastecimento e Turismo, Eduardo Alvarez.<\/p>\n\n\n\n<figure class=\"wp-block-image\"><img decoding=\"async\" src=\"https:\/\/jundiai.sp.gov.br\/noticias\/wp-content\/uploads\/sites\/32\/2023\/05\/plantacao_uva-74-1268x960-1.jpg\" alt=\"Planta\u00e7\u00e3o de uva Niagara rosada, em Jundia\u00ed. Ao fundo, agricultor colhe alguns cachos.\" class=\"wp-image-317796\" \/><figcaption class=\"wp-element-caption\">Bicampe\u00e3 na categoria Turismo Rural, Jundia\u00ed concorre novamente no Pr\u00eamio Top Destinos Tur\u00edsticos<\/figcaption><\/figure>\n\n\n\n<p><em><strong>Fonte \/ Imagem: Prefeitura de Jundia\u00ed<\/strong><\/em><\/p>\n","protected":false},"excerpt":{"rendered":"<p>O Top Destinos Tur\u00edsticos \u00e9 um dos mais importantes e desejados selos de reconhecimento aos munic\u00edpios e regi\u00f5es que investem e fazem do turismo um gerador de riquezas<\/p>\n","protected":false},"author":31,"featured_media":109504,"comment_status":"closed","ping_status":"0","sticky":false,"template":"","format":"standard","meta":{"footnotes":""},"categories":[1],"tags":[],"class_list":["post-109503","post","type-post","status-publish","format-standard","has-post-thumbnail","hentry","category-noticias"],"_links":{"self":[{"href":"https:\/\/tvtecjundiai.com.br\/news\/wp-json\/wp\/v2\/posts\/109503","targetHints":{"allow":["GET"]}}],"collection":[{"href":"https:\/\/tvtecjundiai.com.br\/news\/wp-json\/wp\/v2\/posts"}],"about":[{"href":"https:\/\/tvtecjundiai.com.br\/news\/wp-json\/wp\/v2\/types\/post"}],"author":[{"embeddable":true,"href":"https:\/\/tvtecjundiai.com.br\/news\/wp-json\/wp\/v2\/users\/31"}],"replies":[{"embeddable":true,"href":"https:\/\/tvtecjundiai.com.br\/news\/wp-json\/wp\/v2\/comments?post=109503"}],"version-history":[{"count":1,"href":"https:\/\/tvtecjundiai.com.br\/news\/wp-json\/wp\/v2\/posts\/109503\/revisions"}],"predecessor-version":[{"id":109505,"href":"https:\/\/tvtecjundiai.com.br\/news\/wp-json\/wp\/v2\/posts\/109503\/revisions\/109505"}],"wp:featuredmedia":[{"embeddable":true,"href":"https:\/\/tvtecjundiai.com.br\/news\/wp-json\/wp\/v2\/media\/109504"}],"wp:attachment":[{"href":"https:\/\/tvtecjundiai.com.br\/news\/wp-json\/wp\/v2\/media?parent=109503"}],"wp:term":[{"taxonomy":"category","embeddable":true,"href":"https:\/\/tvtecjundiai.com.br\/news\/wp-json\/wp\/v2\/categories?post=109503"},{"taxonomy":"post_tag","embeddable":true,"href":"https:\/\/tvtecjundiai.com.br\/news\/wp-json\/wp\/v2\/tags?post=109503"}],"curies":[{"name":"wp","href":"https:\/\/api.w.org\/{rel}","templated":true}]}}