{"id":109506,"date":"2023-05-21T19:37:29","date_gmt":"2023-05-21T22:37:29","guid":{"rendered":"https:\/\/tvtecjundiai.com.br\/news\/?p=109506"},"modified":"2023-05-21T19:37:32","modified_gmt":"2023-05-21T22:37:32","slug":"coral-municipal-faz-apresentacao-no-hospital-sao-vicente","status":"publish","type":"post","link":"https:\/\/tvtecjundiai.com.br\/news\/2023\/05\/21\/coral-municipal-faz-apresentacao-no-hospital-sao-vicente\/","title":{"rendered":"Coral Municipal faz apresenta\u00e7\u00e3o no Hospital S\u00e3o Vicente"},"content":{"rendered":"\n<p><\/p>\n\n\n\n<p>A emo\u00e7\u00e3o tomou conta de pacientes, funcion\u00e1rios e visitantes do Hospital S\u00e3o Vicente, neste domingo (21). O Coral Municipal de Jundia\u00ed, corpo art\u00edstico ligado \u00e0 Unidade de Gest\u00e3o de Cultura (UGC), fez uma apresenta\u00e7\u00e3o para levar conforto e alegria a quem estava no hospital. Sucessos como \u201cMaria Maria\u201d, \u201c\u00c1guas de mar\u00e7o\u201d, \u201cN\u00e3o deixe o samba morrer\u201d e \u201cRomaria\u201d embalaram os corredores.<\/p>\n\n\n\n<p>\u201cN\u00f3s somos um Coral a servi\u00e7o do munic\u00edpio e a melhor forma de retribuir ao p\u00fablico o que ele nos permite, \u00e9 fazer esse trabalho social. Hoje, al\u00e9m da alegria que podemos trazer para quem est\u00e1 no hospital, tem um car\u00e1ter terap\u00eautico\u201d, conta Lindomar Tavares, que h\u00e1 3 anos integra o Coral Municipal.<\/p>\n\n\n\n<figure class=\"wp-block-image\"><img decoding=\"async\" src=\"https:\/\/jundiai.sp.gov.br\/noticias\/wp-content\/uploads\/sites\/32\/2023\/05\/coral-municipal-de-jundiai_-apresentacao-hsv_-10-1280x854.jpg\" alt=\"Integrantes do Coral Municipal de Jundia\u00ed cantam na parte externa do Hospital S\u00e3o Vicente.\" class=\"wp-image-317777\" \/><figcaption class=\"wp-element-caption\">Coral Municipal se apresentou no Hospital S\u00e3o Vicente<\/figcaption><\/figure>\n\n\n\n<p>A a\u00e7\u00e3o faz parte do \u201cProjeto Encantar\u201d, que tem como objetivo aproximar o Coral da comunidade, com apresenta\u00e7\u00f5es em espa\u00e7os p\u00fablicos, escolas e hospitais. \u201cN\u00f3s viemos trazer alegria e emo\u00e7\u00e3o aos pacientes, algo que \u00e9 parte importante do nosso trabalho tamb\u00e9m\u201d, lembra Vasti Atique, diretora art\u00edstica e regente do Coral.<\/p>\n\n\n\n<p>\u201cAlegra a vida e alegra o cora\u00e7\u00e3o\u201d. Foi o que contou a dona Vandeci Neres dos Santos, que se recupera de uma cirurgia e pediu para a filha, T\u00e2nia Regina dos Santos, deixar a janela do quarto aberta para ouvir a apresenta\u00e7\u00e3o do Coral.<\/p>\n\n\n\n<p>A apresenta\u00e7\u00e3o contou com cerca de 35 integrantes. \u201cPara n\u00f3s, \u00e9 uma satisfa\u00e7\u00e3o enorme essa visita, pois o Coral traz muito carinho aos nossos pacientes e funcion\u00e1rios. E faz muita diferen\u00e7a, pois \u00e9 um momento de alegria e distra\u00e7\u00e3o para eles\u201d, disse a supervisora de Projetos Sociais do Hospital S\u00e3o Vicente, Viviane Rasera.<\/p>\n\n\n\n<figure class=\"wp-block-image\"><img decoding=\"async\" src=\"https:\/\/jundiai.sp.gov.br\/noticias\/wp-content\/uploads\/sites\/32\/2023\/05\/coral-municipal-de-jundiai_-apresentacao-hsv_-85-1-1280x854.jpg\" alt=\"Pessoas posam para a foto, sorrindo, dentro de uma capela\" class=\"wp-image-317776\" \/><figcaption class=\"wp-element-caption\">Funcion\u00e1rios do Hospital S\u00e3o Vicente e integrantes do Coral<\/figcaption><\/figure>\n\n\n\n<p><em><strong>Fonte \/ Imagem: Prefeitura de Jundia\u00ed<\/strong><\/em><\/p>\n","protected":false},"excerpt":{"rendered":"<p>A emo\u00e7\u00e3o tomou conta de pacientes, funcion\u00e1rios e visitantes do Hospital S\u00e3o Vicente, neste domingo (21)<\/p>\n","protected":false},"author":31,"featured_media":109507,"comment_status":"closed","ping_status":"0","sticky":false,"template":"","format":"standard","meta":{"footnotes":""},"categories":[1],"tags":[],"class_list":["post-109506","post","type-post","status-publish","format-standard","has-post-thumbnail","hentry","category-noticias"],"_links":{"self":[{"href":"https:\/\/tvtecjundiai.com.br\/news\/wp-json\/wp\/v2\/posts\/109506","targetHints":{"allow":["GET"]}}],"collection":[{"href":"https:\/\/tvtecjundiai.com.br\/news\/wp-json\/wp\/v2\/posts"}],"about":[{"href":"https:\/\/tvtecjundiai.com.br\/news\/wp-json\/wp\/v2\/types\/post"}],"author":[{"embeddable":true,"href":"https:\/\/tvtecjundiai.com.br\/news\/wp-json\/wp\/v2\/users\/31"}],"replies":[{"embeddable":true,"href":"https:\/\/tvtecjundiai.com.br\/news\/wp-json\/wp\/v2\/comments?post=109506"}],"version-history":[{"count":1,"href":"https:\/\/tvtecjundiai.com.br\/news\/wp-json\/wp\/v2\/posts\/109506\/revisions"}],"predecessor-version":[{"id":109508,"href":"https:\/\/tvtecjundiai.com.br\/news\/wp-json\/wp\/v2\/posts\/109506\/revisions\/109508"}],"wp:featuredmedia":[{"embeddable":true,"href":"https:\/\/tvtecjundiai.com.br\/news\/wp-json\/wp\/v2\/media\/109507"}],"wp:attachment":[{"href":"https:\/\/tvtecjundiai.com.br\/news\/wp-json\/wp\/v2\/media?parent=109506"}],"wp:term":[{"taxonomy":"category","embeddable":true,"href":"https:\/\/tvtecjundiai.com.br\/news\/wp-json\/wp\/v2\/categories?post=109506"},{"taxonomy":"post_tag","embeddable":true,"href":"https:\/\/tvtecjundiai.com.br\/news\/wp-json\/wp\/v2\/tags?post=109506"}],"curies":[{"name":"wp","href":"https:\/\/api.w.org\/{rel}","templated":true}]}}