{"id":109510,"date":"2023-05-22T09:31:25","date_gmt":"2023-05-22T12:31:25","guid":{"rendered":"https:\/\/tvtecjundiai.com.br\/news\/?p=109510"},"modified":"2023-05-22T09:32:07","modified_gmt":"2023-05-22T12:32:07","slug":"semana-em-jundiai-tera-manhas-frias-e-tardes-mais-quentes","status":"publish","type":"post","link":"https:\/\/tvtecjundiai.com.br\/news\/2023\/05\/22\/semana-em-jundiai-tera-manhas-frias-e-tardes-mais-quentes\/","title":{"rendered":"Semana em Jundia\u00ed ter\u00e1 manh\u00e3s frias e tardes mais quentes"},"content":{"rendered":"\n<p>A previs\u00e3o \u00e9 de que os pr\u00f3ximos dias continuem com as manh\u00e3s frias e tardes mais quentes em Jundia\u00ed, sem pancadas de chuva. Segundo o Climatempo, a temperatura deve ficar entre 11\u00b0C e 27\u00b0C at\u00e9 sexta-feira (26).<\/p>\n\n\n\n<p>Nesta segunda-feira (22), o dia deve ser de sol com algumas nuvens, sem pancadas chuva. Os term\u00f4metros marcam entre 12\u00b0C e 25\u00b0C.<\/p>\n\n\n<div class=\"wp-block-image\">\n<figure class=\"aligncenter size-large is-resized\"><img loading=\"lazy\" decoding=\"async\" src=\"https:\/\/tvtecjundiai.com.br\/news\/wp-content\/uploads\/sites\/2\/2023\/05\/WhatsApp-Image-2023-05-22-at-09.30.00-1200x900.jpeg\" alt=\"\" class=\"wp-image-109511\" width=\"668\" height=\"501\" srcset=\"https:\/\/tvtecjundiai.com.br\/news\/wp-content\/uploads\/sites\/2\/2023\/05\/WhatsApp-Image-2023-05-22-at-09.30.00-1200x900.jpeg 1200w, https:\/\/tvtecjundiai.com.br\/news\/wp-content\/uploads\/sites\/2\/2023\/05\/WhatsApp-Image-2023-05-22-at-09.30.00-300x225.jpeg 300w, https:\/\/tvtecjundiai.com.br\/news\/wp-content\/uploads\/sites\/2\/2023\/05\/WhatsApp-Image-2023-05-22-at-09.30.00-768x576.jpeg 768w, https:\/\/tvtecjundiai.com.br\/news\/wp-content\/uploads\/sites\/2\/2023\/05\/WhatsApp-Image-2023-05-22-at-09.30.00.jpeg 1280w\" sizes=\"auto, (max-width: 668px) 100vw, 668px\" \/><\/figure>\n<\/div>\n\n\n<p><\/p>\n\n\n\n<p><strong>Confira a previs\u00e3o detalhada, de acordo com o Climatempo<\/strong><\/p>\n\n\n\n<p><strong>Ter\u00e7a-feira (23):<\/strong>&nbsp;Dia de sol, sem previs\u00e3o de chuva. Os term\u00f4metros ficam entre 11\u00b0C e 27\u00b0C.<\/p>\n\n\n\n<p><strong>Quarta-feira (24):<\/strong>&nbsp;Dia de sol com algumas nuvens, mas sem previs\u00e3o de chuva. Os term\u00f4metros devem ficar entre 12\u00b0C e 27\u00b0C.<\/p>\n\n\n\n<p><strong>Quinta-feira (25):<\/strong>&nbsp;Sol o dia todo, sem pancadas de chuva. A temperatura deve ficar entre 13\u00b0C e 27\u00b0C.<\/p>\n\n\n\n<p><strong>Sexta-feira (26):<\/strong>&nbsp;A previs\u00e3o \u00e9 de que o dia seja de sol com algumas nuvens, sem chuva. Os term\u00f4metros devem marcar entre 14\u00b0C e 27\u00b0C.<\/p>\n\n\n\n<p><em><strong>(Fonte: TVTEC Jundia\u00ed\/Imagem: Juliano Justino)<\/strong><\/em><\/p>\n","protected":false},"excerpt":{"rendered":"<p>Segundo o Climatempo, a temperatura deve ficar entre 11\u00b0C e 27\u00b0C<\/p>\n","protected":false},"author":30,"featured_media":109511,"comment_status":"closed","ping_status":"0","sticky":false,"template":"","format":"standard","meta":{"footnotes":""},"categories":[3185,29,8356,1],"tags":[],"class_list":["post-109510","post","type-post","status-publish","format-standard","has-post-thumbnail","hentry","category-clima","category-destaque","category-jundiai","category-noticias"],"_links":{"self":[{"href":"https:\/\/tvtecjundiai.com.br\/news\/wp-json\/wp\/v2\/posts\/109510","targetHints":{"allow":["GET"]}}],"collection":[{"href":"https:\/\/tvtecjundiai.com.br\/news\/wp-json\/wp\/v2\/posts"}],"about":[{"href":"https:\/\/tvtecjundiai.com.br\/news\/wp-json\/wp\/v2\/types\/post"}],"author":[{"embeddable":true,"href":"https:\/\/tvtecjundiai.com.br\/news\/wp-json\/wp\/v2\/users\/30"}],"replies":[{"embeddable":true,"href":"https:\/\/tvtecjundiai.com.br\/news\/wp-json\/wp\/v2\/comments?post=109510"}],"version-history":[{"count":2,"href":"https:\/\/tvtecjundiai.com.br\/news\/wp-json\/wp\/v2\/posts\/109510\/revisions"}],"predecessor-version":[{"id":109513,"href":"https:\/\/tvtecjundiai.com.br\/news\/wp-json\/wp\/v2\/posts\/109510\/revisions\/109513"}],"wp:featuredmedia":[{"embeddable":true,"href":"https:\/\/tvtecjundiai.com.br\/news\/wp-json\/wp\/v2\/media\/109511"}],"wp:attachment":[{"href":"https:\/\/tvtecjundiai.com.br\/news\/wp-json\/wp\/v2\/media?parent=109510"}],"wp:term":[{"taxonomy":"category","embeddable":true,"href":"https:\/\/tvtecjundiai.com.br\/news\/wp-json\/wp\/v2\/categories?post=109510"},{"taxonomy":"post_tag","embeddable":true,"href":"https:\/\/tvtecjundiai.com.br\/news\/wp-json\/wp\/v2\/tags?post=109510"}],"curies":[{"name":"wp","href":"https:\/\/api.w.org\/{rel}","templated":true}]}}