{"id":109514,"date":"2023-05-22T09:50:13","date_gmt":"2023-05-22T12:50:13","guid":{"rendered":"https:\/\/tvtecjundiai.com.br\/news\/?p=109514"},"modified":"2023-05-22T09:50:16","modified_gmt":"2023-05-22T12:50:16","slug":"inss-comeca-a-pagar-primeira-parcela-do-13o-salario-nesta-quinta-feira-25","status":"publish","type":"post","link":"https:\/\/tvtecjundiai.com.br\/news\/2023\/05\/22\/inss-comeca-a-pagar-primeira-parcela-do-13o-salario-nesta-quinta-feira-25\/","title":{"rendered":"INSS come\u00e7a a pagar primeira parcela do 13\u00ba sal\u00e1rio nesta quinta-feira (25)"},"content":{"rendered":"\n<p>A primeira parcela do 13\u00ba come\u00e7a a ser paga nesta quinta-feira (25) para os benefici\u00e1rios com N\u00famero de Identifica\u00e7\u00e3o Social (NIS) com final 1 que recebem at\u00e9 um sal\u00e1rio m\u00ednimo. Para quem recebe mais de um sal\u00e1rio m\u00ednimo, o pagamento da primeira parcela come\u00e7a em 1\u00b0 de junho. S\u00e3o dois calend\u00e1rios, um deles para quem recebe um sal\u00e1rio m\u00ednimo e outro para quem recebe mais.<\/p>\n\n\n\n<p>O governo federal j\u00e1 havia anunciado, no in\u00edcio desse m\u00eas, que anteciparia o pagamento do abono anual, informalmente conhecido como 13\u00ba, para benefici\u00e1rios do INSS para os meses de maio e junho. Ao todo, ser\u00e3o pagos R$ 62,6 bilh\u00f5es.<\/p>\n\n\n<div class=\"wp-block-image\">\n<figure class=\"aligncenter size-full is-resized\"><img loading=\"lazy\" decoding=\"async\" src=\"https:\/\/tvtecjundiai.com.br\/news\/wp-content\/uploads\/sites\/2\/2023\/05\/1079880-01.02.2017_mcajr-12-4.jpg\" alt=\"\" class=\"wp-image-109515\" width=\"790\" height=\"472\" srcset=\"https:\/\/tvtecjundiai.com.br\/news\/wp-content\/uploads\/sites\/2\/2023\/05\/1079880-01.02.2017_mcajr-12-4.jpg 1170w, https:\/\/tvtecjundiai.com.br\/news\/wp-content\/uploads\/sites\/2\/2023\/05\/1079880-01.02.2017_mcajr-12-4-300x179.jpg 300w, https:\/\/tvtecjundiai.com.br\/news\/wp-content\/uploads\/sites\/2\/2023\/05\/1079880-01.02.2017_mcajr-12-4-768x459.jpg 768w\" sizes=\"auto, (max-width: 790px) 100vw, 790px\" \/><figcaption class=\"wp-element-caption\">Foto: Marcello Casal jr\/Ag\u00eancia Brasil<\/figcaption><\/figure>\n<\/div>\n\n\n<p><\/p>\n\n\n\n<p>O benef\u00edcio normalmente \u00e9 pago apenas no segundo semestre, mas desde 2020 os pagamentos foram antecipados para os primeiros seis meses do ano.<\/p>\n\n\n\n<p>T\u00eam direito ao abono os segurados do INSS que durante este ano tenham recebido aux\u00edlio por incapacidade tempor\u00e1ria, aux\u00edlio-acidente, aposentadoria, pens\u00e3o por morte ou aux\u00edlio-reclus\u00e3o.<\/p>\n\n\n\n<p><strong>Reajuste<\/strong><\/p>\n\n\n\n<p>O piso previdenci\u00e1rio, valor m\u00ednimo dos benef\u00edcios do INSS, passou a ser de R$ 1.320 em 1\u00ba de maio \u2013 acompanhando o novo valor do sal\u00e1rio m\u00ednimo nacional. At\u00e9 abril, o piso era R$ 1.302.<\/p>\n\n\n\n<p><strong><em>(Fonte: g1\/Imagem: Marcello Casal jr\/Ag\u00eancia Brasil)<\/em><\/strong><\/p>\n","protected":false},"excerpt":{"rendered":"<p>S\u00e3o dois calend\u00e1rios, um deles para quem recebe um sal\u00e1rio m\u00ednimo e outro para quem recebe mais<\/p>\n","protected":false},"author":30,"featured_media":109515,"comment_status":"closed","ping_status":"0","sticky":false,"template":"","format":"standard","meta":{"footnotes":""},"categories":[1],"tags":[],"class_list":["post-109514","post","type-post","status-publish","format-standard","has-post-thumbnail","hentry","category-noticias"],"_links":{"self":[{"href":"https:\/\/tvtecjundiai.com.br\/news\/wp-json\/wp\/v2\/posts\/109514","targetHints":{"allow":["GET"]}}],"collection":[{"href":"https:\/\/tvtecjundiai.com.br\/news\/wp-json\/wp\/v2\/posts"}],"about":[{"href":"https:\/\/tvtecjundiai.com.br\/news\/wp-json\/wp\/v2\/types\/post"}],"author":[{"embeddable":true,"href":"https:\/\/tvtecjundiai.com.br\/news\/wp-json\/wp\/v2\/users\/30"}],"replies":[{"embeddable":true,"href":"https:\/\/tvtecjundiai.com.br\/news\/wp-json\/wp\/v2\/comments?post=109514"}],"version-history":[{"count":1,"href":"https:\/\/tvtecjundiai.com.br\/news\/wp-json\/wp\/v2\/posts\/109514\/revisions"}],"predecessor-version":[{"id":109516,"href":"https:\/\/tvtecjundiai.com.br\/news\/wp-json\/wp\/v2\/posts\/109514\/revisions\/109516"}],"wp:featuredmedia":[{"embeddable":true,"href":"https:\/\/tvtecjundiai.com.br\/news\/wp-json\/wp\/v2\/media\/109515"}],"wp:attachment":[{"href":"https:\/\/tvtecjundiai.com.br\/news\/wp-json\/wp\/v2\/media?parent=109514"}],"wp:term":[{"taxonomy":"category","embeddable":true,"href":"https:\/\/tvtecjundiai.com.br\/news\/wp-json\/wp\/v2\/categories?post=109514"},{"taxonomy":"post_tag","embeddable":true,"href":"https:\/\/tvtecjundiai.com.br\/news\/wp-json\/wp\/v2\/tags?post=109514"}],"curies":[{"name":"wp","href":"https:\/\/api.w.org\/{rel}","templated":true}]}}