{"id":109517,"date":"2023-05-22T10:22:35","date_gmt":"2023-05-22T13:22:35","guid":{"rendered":"https:\/\/tvtecjundiai.com.br\/news\/?p=109517"},"modified":"2023-05-22T10:28:02","modified_gmt":"2023-05-22T13:28:02","slug":"pesquisa-mostra-que-pandemia-reduziu-atividade-fisica-de-criancas","status":"publish","type":"post","link":"https:\/\/tvtecjundiai.com.br\/news\/2023\/05\/22\/pesquisa-mostra-que-pandemia-reduziu-atividade-fisica-de-criancas\/","title":{"rendered":"Pesquisa da Fiocruz mostra que pandemia reduziu atividade f\u00edsica de crian\u00e7as"},"content":{"rendered":"\n<p>Pesquisa do Instituto Nacional de Sa\u00fade da Mulher, da Crian\u00e7a e do Adolescente Fernandes Figueira (IFF\/Fiocruz), intitulada &#8216;Levantamento da Adequa\u00e7\u00e3o de Crian\u00e7as e Adolescentes Brasileiros \u00e0s Diretrizes do Movimento 24 Horas Antes e Durante a Pandemia da Covid-19&#8217;, mostra impacto significativo das restri\u00e7\u00f5es da pandemia na redu\u00e7\u00e3o da atividade f\u00edsica e no aumento do tempo de tela de crian\u00e7as e adolescentes brasileiros.<\/p>\n\n\n\n<p>O estudo foi feito com 525 crian\u00e7as e adolescentes at\u00e9 18 anos de diferentes regi\u00f5es do Brasil, sendo realizado por meio de um formul\u00e1rio de entrevista digital que incluiu caracter\u00edsticas sociodemogr\u00e1ficas das fam\u00edlias, atividade f\u00edsica moderada a vigorosa, tempo recreativo de tela e dura\u00e7\u00e3o do sono antes e durante a pandemia.<\/p>\n\n\n<div class=\"wp-block-image\">\n<figure class=\"aligncenter size-full\"><img loading=\"lazy\" decoding=\"async\" width=\"1170\" height=\"700\" src=\"https:\/\/tvtecjundiai.com.br\/news\/wp-content\/uploads\/sites\/2\/2023\/05\/criancas-esporte-brasil-jundiai.jpg\" alt=\"\" class=\"wp-image-109519\" srcset=\"https:\/\/tvtecjundiai.com.br\/news\/wp-content\/uploads\/sites\/2\/2023\/05\/criancas-esporte-brasil-jundiai.jpg 1170w, https:\/\/tvtecjundiai.com.br\/news\/wp-content\/uploads\/sites\/2\/2023\/05\/criancas-esporte-brasil-jundiai-300x179.jpg 300w, https:\/\/tvtecjundiai.com.br\/news\/wp-content\/uploads\/sites\/2\/2023\/05\/criancas-esporte-brasil-jundiai-768x459.jpg 768w\" sizes=\"auto, (max-width: 1170px) 100vw, 1170px\" \/><figcaption class=\"wp-element-caption\">Foto: Fernando Fraz\u00e3o\/Ag\u00eancia Brasil<\/figcaption><\/figure>\n<\/div>\n\n\n<p><\/p>\n\n\n\n<p>Os pesquisadores do IFF\/Fiocruz, Nat\u00e1lia Molleri, Saint Clair Gomes Jr, Daniele Marano e Andrea Zin investigaram a adequa\u00e7\u00e3o a estes h\u00e1bitos durante a pandemia da covid-19. \u201cA quantidade de atividade f\u00edsica moderada a vigorosa, tempo de tela recreativo (televis\u00e3o, celular, computador, notebook ou tablet) e a dura\u00e7\u00e3o adequada do sono t\u00eam reconhecida import\u00e2ncia para a sa\u00fade de crian\u00e7as e adolescentes, mostrando associa\u00e7\u00f5es positivas com o desenvolvimento motor, condicionamento f\u00edsico, redu\u00e7\u00e3o da adiposidade (excesso de gordura no organismo) e melhora no condicionamento cardiometab\u00f3lico. Ainda assim, poucos estudos avaliaram a adequa\u00e7\u00e3o a estes h\u00e1bitos em pa\u00edses de baixa e m\u00e9dia renda\u201d, informou, em nota, a terapeuta ocupacional do Instituto, Nat\u00e1lia Molleri.<\/p>\n\n\n\n<p>Segunda a pesquisadora, as medidas de isolamento social contribu\u00edram para a redu\u00e7\u00e3o da atividade f\u00edsica. A propor\u00e7\u00e3o de fam\u00edlias que faziam essa adequa\u00e7\u00e3o baixou de 61,43% antes da pandemia para 38,57% durante a pandemia. Tamb\u00e9m foi menor a correta adequa\u00e7\u00e3o do tempo de tela recreativo entre crian\u00e7as e adolescentes brasileiros, que antes era feita por 67,22% das fam\u00edlias e reduziu para 27,27%, na pandemia.<\/p>\n\n\n\n<p>\u201cPortanto, enquanto Instituto Nacional, exercemos papel essencial na educa\u00e7\u00e3o quanto \u00e0 import\u00e2ncia da atividade f\u00edsica, redu\u00e7\u00e3o do uso de telas e tempo de sono adequado de acordo com a faixa et\u00e1ria\u201d, explicou Nat\u00e1lia.<\/p>\n\n\n\n<p>Uma das pesquisadoras respons\u00e1veis pelo levantamento, Andrea Zin, disse que as crian\u00e7as j\u00e1 estavam dormindo menos, se exercitando menos e estavam muito tempo em frente \u00e0 tela antes da pandemia. Segundo ela, com as aulas remotas, aumentou muito o tempo de tela \u00e0 frente do computador e do celular e cresceu o sedentarismo decorrente do confinamento. \u201cA pergunta \u00e9: at\u00e9 que ponto a gente conseguiu voltar \u00e0 normalidade dessas atividades?\u201d.<\/p>\n\n\n\n<p><em><strong>(Fonte: Ag\u00eancia Brasil\/Imagem: Fernando Fraz\u00e3o\/Ag\u00eancia Brasil)<\/strong><\/em><\/p>\n","protected":false},"excerpt":{"rendered":"<p>O estudo foi feito com 525 crian\u00e7as e adolescentes at\u00e9 18 anos de diferentes regi\u00f5es do Brasil<\/p>\n","protected":false},"author":30,"featured_media":109519,"comment_status":"closed","ping_status":"0","sticky":false,"template":"","format":"standard","meta":{"footnotes":""},"categories":[2827,1],"tags":[],"class_list":["post-109517","post","type-post","status-publish","format-standard","has-post-thumbnail","hentry","category-esportes-e-lazer","category-noticias"],"_links":{"self":[{"href":"https:\/\/tvtecjundiai.com.br\/news\/wp-json\/wp\/v2\/posts\/109517","targetHints":{"allow":["GET"]}}],"collection":[{"href":"https:\/\/tvtecjundiai.com.br\/news\/wp-json\/wp\/v2\/posts"}],"about":[{"href":"https:\/\/tvtecjundiai.com.br\/news\/wp-json\/wp\/v2\/types\/post"}],"author":[{"embeddable":true,"href":"https:\/\/tvtecjundiai.com.br\/news\/wp-json\/wp\/v2\/users\/30"}],"replies":[{"embeddable":true,"href":"https:\/\/tvtecjundiai.com.br\/news\/wp-json\/wp\/v2\/comments?post=109517"}],"version-history":[{"count":3,"href":"https:\/\/tvtecjundiai.com.br\/news\/wp-json\/wp\/v2\/posts\/109517\/revisions"}],"predecessor-version":[{"id":109521,"href":"https:\/\/tvtecjundiai.com.br\/news\/wp-json\/wp\/v2\/posts\/109517\/revisions\/109521"}],"wp:featuredmedia":[{"embeddable":true,"href":"https:\/\/tvtecjundiai.com.br\/news\/wp-json\/wp\/v2\/media\/109519"}],"wp:attachment":[{"href":"https:\/\/tvtecjundiai.com.br\/news\/wp-json\/wp\/v2\/media?parent=109517"}],"wp:term":[{"taxonomy":"category","embeddable":true,"href":"https:\/\/tvtecjundiai.com.br\/news\/wp-json\/wp\/v2\/categories?post=109517"},{"taxonomy":"post_tag","embeddable":true,"href":"https:\/\/tvtecjundiai.com.br\/news\/wp-json\/wp\/v2\/tags?post=109517"}],"curies":[{"name":"wp","href":"https:\/\/api.w.org\/{rel}","templated":true}]}}