{"id":109522,"date":"2023-05-22T13:52:12","date_gmt":"2023-05-22T16:52:12","guid":{"rendered":"https:\/\/tvtecjundiai.com.br\/news\/?p=109522"},"modified":"2023-05-22T13:53:18","modified_gmt":"2023-05-22T16:53:18","slug":"tvtec-participa-de-encontro-de-tecnologia-e-cultura-da-fatec","status":"publish","type":"post","link":"https:\/\/tvtecjundiai.com.br\/news\/2023\/05\/22\/tvtec-participa-de-encontro-de-tecnologia-e-cultura-da-fatec\/","title":{"rendered":"TVTEC participa de Encontro de Tecnologia e Cultura da Fatec"},"content":{"rendered":"\n<p>Com o tema &#8216;Humanidades e Futuros&#8217;, a Faculdade de Tecnologia de Jundia\u00ed (Fatec), por meio do curso de Tecnologia em Eventos, promoveu na manh\u00e3 desta segunda (22) o 12\u00ba Encontro de Tecnologia e Cultura. O evento foi realizado nas depend\u00eancias da Biblioteca Municipal Prof. Nelson Foot e contou com a participa\u00e7\u00e3o da superintendente da Funda\u00e7\u00e3o Escola TVTEC, M\u00f4nica Gropelo. <\/p>\n\n\n\n<p>O encontro foi dividido em duas rodas de conversa. Na primeira, com o tema \u201cComendo a Terra: uma humanidade e um \u00fanico futuro?\u201d, participaram a Profa. Ana Clara Grossi Martins e a jornalista M\u00f4nica Gropelo com media\u00e7\u00e3o dos professores Emerson Freire (Fatec Jundia\u00ed e S\u00e3o Paulo) e Sueli Batista (Fatec Jundia\u00ed). Durante as discuss\u00f5es, baseadas no livro de Ailton Krenak &#8216;Ideias para adiar o fim do mundo&#8217;, os participantes lembraram sobre a import\u00e2ncia de conhecer sobre a cultura ind\u00edgena e como cada pessoa pode ajudar a atrair a aten\u00e7\u00e3o da sociedade quando o assunto \u00e9 conhecer a hist\u00f3ria e respeit\u00e1-la. <\/p>\n\n\n\n<p>A professora e uma das respons\u00e1veis pelo evento, Marianna Lammas, lembrou que o encontro faz parte de uma sequ\u00eancia de atividades realizadas pelos alunos de Eventos envolvendo v\u00e1rias disciplinas. Cada ano uma tem\u00e1tica \u00e9 proposta e este envolveu o l\u00edder ind\u00edgena e ambientalista Ailton Krenak. &#8220;Este bate-papo envolve todo um trabalho  de discuss\u00f5es envolvendo o tema. Estamos felizes com a participa\u00e7\u00e3o de todos&#8221;.<\/p>\n\n\n<div class=\"wp-block-image\">\n<figure class=\"aligncenter size-large\"><img loading=\"lazy\" decoding=\"async\" width=\"1200\" height=\"900\" src=\"https:\/\/tvtecjundiai.com.br\/news\/wp-content\/uploads\/sites\/2\/2023\/05\/fatec1-1200x900.jpeg\" alt=\"\" class=\"wp-image-109538\" srcset=\"https:\/\/tvtecjundiai.com.br\/news\/wp-content\/uploads\/sites\/2\/2023\/05\/fatec1-1200x900.jpeg 1200w, https:\/\/tvtecjundiai.com.br\/news\/wp-content\/uploads\/sites\/2\/2023\/05\/fatec1-300x225.jpeg 300w, https:\/\/tvtecjundiai.com.br\/news\/wp-content\/uploads\/sites\/2\/2023\/05\/fatec1-768x576.jpeg 768w, https:\/\/tvtecjundiai.com.br\/news\/wp-content\/uploads\/sites\/2\/2023\/05\/fatec1.jpeg 1280w\" sizes=\"auto, (max-width: 1200px) 100vw, 1200px\" \/><figcaption class=\"wp-element-caption\">A jornalista M\u00f4nica Gropelo participou em uma das rodas de conversas promovidas pela Fatec<\/figcaption><\/figure>\n<\/div>\n\n\n<p><\/p>\n\n\n\n<p>A superintendente da FTVTEC, M\u00f4nica Gropelo, agradeceu o convite e refor\u00e7ou que \u00e9 preciso sair do campo da teoria e ir para a pr\u00e1tica, especialmente quando trata-se de quest\u00f5es humanit\u00e1rias. &#8220;Discutir quest\u00f5es internas \u00e9 sempre mais simples, no entanto, \u00e9 preciso saber o posicionamento de todos quando j\u00e1 se tem o conhecimento. Quando conhecemos a realidade perto da gente, a atua\u00e7\u00e3o fica mais f\u00e1cil&#8221;, lembrou. <\/p>\n\n\n\n<p>A segunda Roda de Conversa \u201cSegurando o C\u00e9u: como contar mais uma hist\u00f3ria para humanidades futuras\u201d teve a participa\u00e7\u00e3o do Prof. Dr. Walter Morales Fagundes e a artista Gabizine; como encerramento das discuss\u00f5es o Prof. Dr. Emerson Freire fez uma correla\u00e7\u00e3o na tem\u00e1tica das Rodas de Conversa e<br>houve ainda uma Interven\u00e7\u00e3o Cultural com apresenta\u00e7\u00f5es de batalha de rimas.<\/p>\n\n\n<div class=\"wp-block-image\">\n<figure class=\"aligncenter size-large\"><img loading=\"lazy\" decoding=\"async\" width=\"1200\" height=\"900\" src=\"https:\/\/tvtecjundiai.com.br\/news\/wp-content\/uploads\/sites\/2\/2023\/05\/fatec4-1200x900.jpeg\" alt=\"\" class=\"wp-image-109539\" srcset=\"https:\/\/tvtecjundiai.com.br\/news\/wp-content\/uploads\/sites\/2\/2023\/05\/fatec4-1200x900.jpeg 1200w, https:\/\/tvtecjundiai.com.br\/news\/wp-content\/uploads\/sites\/2\/2023\/05\/fatec4-300x225.jpeg 300w, https:\/\/tvtecjundiai.com.br\/news\/wp-content\/uploads\/sites\/2\/2023\/05\/fatec4-768x576.jpeg 768w, https:\/\/tvtecjundiai.com.br\/news\/wp-content\/uploads\/sites\/2\/2023\/05\/fatec4.jpeg 1280w\" sizes=\"auto, (max-width: 1200px) 100vw, 1200px\" \/><figcaption class=\"wp-element-caption\">Os alunos e professores do curso de Eventos participaram no 12\u00ba Encontro de Tecnologia da Fatec <\/figcaption><\/figure>\n<\/div>\n\n\n<p><strong>Exposi\u00e7\u00e3o<\/strong><\/p>\n\n\n\n<p>A exposi\u00e7\u00e3o \u201cComendo a Terra e Segurando o C\u00e9u\u201d ficar\u00e1 dispon\u00edvel para visita\u00e7\u00e3o durante todo o m\u00eas de maio na Biblioteca Nelson Foot, na Vila Arens, com entrada gratuita e realiza\u00e7\u00e3o da Fatec Deputado Ary Fossen, apoio institucional da Neo Tech Empresa Jr., N\u00facleo de Estudos e Tecnologia e Sociedade (NETS), Biblioteca Nelson Foot e apoio da Label, Mandacaru, ToMove \u2013 Lazer e Esportes, Vegas \u2013 Lounge e Eventos, Thais Negri e Trof\u00ed \u2013 Food Service.<\/p>\n\n\n\n<p><strong><em>(Fonte\/Imagem: TVTEC Jundia\u00ed)<\/em><\/strong><\/p>\n","protected":false},"excerpt":{"rendered":"<p>O evento contou com a participa\u00e7\u00e3o da superintendente da FTVTEC <\/p>\n","protected":false},"author":30,"featured_media":109535,"comment_status":"closed","ping_status":"0","sticky":false,"template":"","format":"standard","meta":{"footnotes":""},"categories":[2834,29,8356,1,2835],"tags":[],"class_list":["post-109522","post","type-post","status-publish","format-standard","has-post-thumbnail","hentry","category-cidades","category-destaque","category-jundiai","category-noticias","category-tecnologia"],"_links":{"self":[{"href":"https:\/\/tvtecjundiai.com.br\/news\/wp-json\/wp\/v2\/posts\/109522","targetHints":{"allow":["GET"]}}],"collection":[{"href":"https:\/\/tvtecjundiai.com.br\/news\/wp-json\/wp\/v2\/posts"}],"about":[{"href":"https:\/\/tvtecjundiai.com.br\/news\/wp-json\/wp\/v2\/types\/post"}],"author":[{"embeddable":true,"href":"https:\/\/tvtecjundiai.com.br\/news\/wp-json\/wp\/v2\/users\/30"}],"replies":[{"embeddable":true,"href":"https:\/\/tvtecjundiai.com.br\/news\/wp-json\/wp\/v2\/comments?post=109522"}],"version-history":[{"count":3,"href":"https:\/\/tvtecjundiai.com.br\/news\/wp-json\/wp\/v2\/posts\/109522\/revisions"}],"predecessor-version":[{"id":109542,"href":"https:\/\/tvtecjundiai.com.br\/news\/wp-json\/wp\/v2\/posts\/109522\/revisions\/109542"}],"wp:featuredmedia":[{"embeddable":true,"href":"https:\/\/tvtecjundiai.com.br\/news\/wp-json\/wp\/v2\/media\/109535"}],"wp:attachment":[{"href":"https:\/\/tvtecjundiai.com.br\/news\/wp-json\/wp\/v2\/media?parent=109522"}],"wp:term":[{"taxonomy":"category","embeddable":true,"href":"https:\/\/tvtecjundiai.com.br\/news\/wp-json\/wp\/v2\/categories?post=109522"},{"taxonomy":"post_tag","embeddable":true,"href":"https:\/\/tvtecjundiai.com.br\/news\/wp-json\/wp\/v2\/tags?post=109522"}],"curies":[{"name":"wp","href":"https:\/\/api.w.org\/{rel}","templated":true}]}}