{"id":109547,"date":"2023-05-22T15:58:54","date_gmt":"2023-05-22T18:58:54","guid":{"rendered":"https:\/\/tvtecjundiai.com.br\/news\/?p=109547"},"modified":"2023-05-22T15:58:55","modified_gmt":"2023-05-22T18:58:55","slug":"prefeitura-realiza-audiencia-publica-para-manejo-arboreo-da-rua-anchieta","status":"publish","type":"post","link":"https:\/\/tvtecjundiai.com.br\/news\/2023\/05\/22\/prefeitura-realiza-audiencia-publica-para-manejo-arboreo-da-rua-anchieta\/","title":{"rendered":"Prefeitura realiza audi\u00eancia p\u00fablica para manejo arb\u00f3reo da rua Anchieta"},"content":{"rendered":"\n<p>A Prefeitura de Jundia\u00ed, por meio do Departamento de Parques, Jardins e Pra\u00e7as (DPJP), ligado \u00e0 Unidade de Gest\u00e3o de Infraestrutura e Servi\u00e7os P\u00fablicos (UGISP) ir\u00e1 realizar uma audi\u00eancia p\u00fablica, no dia 29 de maio, para tratar do Renova Verde Anchieta.<\/p>\n\n\n\n<p>A audi\u00eancia acontecer\u00e1 de forma h\u00edbrida a partir das 18h30, no audit\u00f3rio do Pa\u00e7o Municipal, que fica no 8\u00b0 andar. A transmiss\u00e3o online acontecer\u00e1 pelas redes sociais da Prefeitura de Jundia\u00ed.<\/p>\n\n\n\n<p>O projeto visa a execu\u00e7\u00e3o do manejo arb\u00f3reo da rua Anchieta, com substitui\u00e7\u00e3o das \u00e1rvores comprometidas e planta\u00e7\u00e3o de novos exemplares pr\u00f3prios para o cen\u00e1rio urbano.<\/p>\n\n\n\n<p>Os participantes poder\u00e3o tirar as d\u00favidas sobre o projeto juntamente com a equipe t\u00e9cnica, que tamb\u00e9m far\u00e1 a avalia\u00e7\u00e3o das sugest\u00f5es dadas pela popula\u00e7\u00e3o.<\/p>\n\n\n<div class=\"wp-block-image\">\n<figure class=\"aligncenter size-large\"><img loading=\"lazy\" decoding=\"async\" width=\"1200\" height=\"674\" src=\"https:\/\/tvtecjundiai.com.br\/news\/wp-content\/uploads\/sites\/2\/2023\/05\/aereas_rua_anchieta_antes_pa-1-1280x719-1-1200x674.jpg\" alt=\"\" class=\"wp-image-109548\" srcset=\"https:\/\/tvtecjundiai.com.br\/news\/wp-content\/uploads\/sites\/2\/2023\/05\/aereas_rua_anchieta_antes_pa-1-1280x719-1-1200x674.jpg 1200w, https:\/\/tvtecjundiai.com.br\/news\/wp-content\/uploads\/sites\/2\/2023\/05\/aereas_rua_anchieta_antes_pa-1-1280x719-1-300x169.jpg 300w, https:\/\/tvtecjundiai.com.br\/news\/wp-content\/uploads\/sites\/2\/2023\/05\/aereas_rua_anchieta_antes_pa-1-1280x719-1-768x431.jpg 768w, https:\/\/tvtecjundiai.com.br\/news\/wp-content\/uploads\/sites\/2\/2023\/05\/aereas_rua_anchieta_antes_pa-1-1280x719-1.jpg 1280w\" sizes=\"auto, (max-width: 1200px) 100vw, 1200px\" \/><figcaption class=\"wp-element-caption\">Audi\u00eancia p\u00fablica para tratar de manejo arb\u00f3reo da rua Anchieta ser\u00e1 no dia 29<\/figcaption><\/figure>\n<\/div>\n\n\n<p><em><strong>Fonte \/ Imagem: Prefeitura de Jundia\u00ed<\/strong><\/em><\/p>\n","protected":false},"excerpt":{"rendered":"<p>Audi\u00eancia p\u00fablica para tratar de manejo arb\u00f3reo da rua Anchieta ser\u00e1 no dia 29<\/p>\n","protected":false},"author":30,"featured_media":109548,"comment_status":"closed","ping_status":"0","sticky":false,"template":"","format":"standard","meta":{"footnotes":""},"categories":[8391,8356,1],"tags":[],"class_list":["post-109547","post","type-post","status-publish","format-standard","has-post-thumbnail","hentry","category-infraestrutura","category-jundiai","category-noticias"],"_links":{"self":[{"href":"https:\/\/tvtecjundiai.com.br\/news\/wp-json\/wp\/v2\/posts\/109547","targetHints":{"allow":["GET"]}}],"collection":[{"href":"https:\/\/tvtecjundiai.com.br\/news\/wp-json\/wp\/v2\/posts"}],"about":[{"href":"https:\/\/tvtecjundiai.com.br\/news\/wp-json\/wp\/v2\/types\/post"}],"author":[{"embeddable":true,"href":"https:\/\/tvtecjundiai.com.br\/news\/wp-json\/wp\/v2\/users\/30"}],"replies":[{"embeddable":true,"href":"https:\/\/tvtecjundiai.com.br\/news\/wp-json\/wp\/v2\/comments?post=109547"}],"version-history":[{"count":1,"href":"https:\/\/tvtecjundiai.com.br\/news\/wp-json\/wp\/v2\/posts\/109547\/revisions"}],"predecessor-version":[{"id":109549,"href":"https:\/\/tvtecjundiai.com.br\/news\/wp-json\/wp\/v2\/posts\/109547\/revisions\/109549"}],"wp:featuredmedia":[{"embeddable":true,"href":"https:\/\/tvtecjundiai.com.br\/news\/wp-json\/wp\/v2\/media\/109548"}],"wp:attachment":[{"href":"https:\/\/tvtecjundiai.com.br\/news\/wp-json\/wp\/v2\/media?parent=109547"}],"wp:term":[{"taxonomy":"category","embeddable":true,"href":"https:\/\/tvtecjundiai.com.br\/news\/wp-json\/wp\/v2\/categories?post=109547"},{"taxonomy":"post_tag","embeddable":true,"href":"https:\/\/tvtecjundiai.com.br\/news\/wp-json\/wp\/v2\/tags?post=109547"}],"curies":[{"name":"wp","href":"https:\/\/api.w.org\/{rel}","templated":true}]}}