{"id":109550,"date":"2023-05-22T16:00:00","date_gmt":"2023-05-22T19:00:00","guid":{"rendered":"https:\/\/tvtecjundiai.com.br\/news\/?p=109550"},"modified":"2023-05-22T16:00:01","modified_gmt":"2023-05-22T19:00:01","slug":"equipamentos-de-saude-prosseguem-com-campanhas-contra-gripe-e-covid-19","status":"publish","type":"post","link":"https:\/\/tvtecjundiai.com.br\/news\/2023\/05\/22\/equipamentos-de-saude-prosseguem-com-campanhas-contra-gripe-e-covid-19\/","title":{"rendered":"Equipamentos de sa\u00fade prosseguem com campanhas contra gripe e Covid-19"},"content":{"rendered":"\n<p>As Unidades B\u00e1sicas de Sa\u00fade (UBSs), Novas UBSs e Cl\u00ednicas da Fam\u00edlia aplicam, nesta semana, as vacinas contra Influenza e Covid-19, al\u00e9m das doses da rotina, nos hor\u00e1rios das salas de vacina\u00e7\u00e3o de cada equipamento.<br><br>No Munic\u00edpio, o imunizante contra gripe est\u00e1 dispon\u00edvel para a popula\u00e7\u00e3o a partir dos seis meses de idade. J\u00e1 a vacina Pfizer bivalente \u00e9 aplicada no p\u00fablico a partir de 18 anos e que tenha recebido, no m\u00ednimo, duas doses da monovalente, sendo a \u00faltima dose h\u00e1, pelo menos, quatro meses.<br><br><a href=\"https:\/\/jundiai.sp.gov.br\/saude\/rede-de-atendimento\/rede-completa-de-atendimento\/\">CONFIRA A PROGRAMA\u00c7\u00c3O COMPLETA<\/a><\/p>\n\n\n<div class=\"wp-block-image\">\n<figure class=\"aligncenter size-large is-resized\"><img loading=\"lazy\" decoding=\"async\" src=\"https:\/\/tvtecjundiai.com.br\/news\/wp-content\/uploads\/sites\/2\/2023\/05\/vacinacao_sabado-1-1-1280x854-1-1200x801.jpg\" alt=\"\" class=\"wp-image-109551\" width=\"840\" height=\"560\" srcset=\"https:\/\/tvtecjundiai.com.br\/news\/wp-content\/uploads\/sites\/2\/2023\/05\/vacinacao_sabado-1-1-1280x854-1-1200x801.jpg 1200w, https:\/\/tvtecjundiai.com.br\/news\/wp-content\/uploads\/sites\/2\/2023\/05\/vacinacao_sabado-1-1-1280x854-1-300x200.jpg 300w, https:\/\/tvtecjundiai.com.br\/news\/wp-content\/uploads\/sites\/2\/2023\/05\/vacinacao_sabado-1-1-1280x854-1-768x512.jpg 768w, https:\/\/tvtecjundiai.com.br\/news\/wp-content\/uploads\/sites\/2\/2023\/05\/vacinacao_sabado-1-1-1280x854-1.jpg 1280w\" sizes=\"auto, (max-width: 840px) 100vw, 840px\" \/><figcaption class=\"wp-element-caption\">\u00c9 importante que as pessoas busquem pelas vacinas<\/figcaption><\/figure>\n<\/div>\n\n\n<p>\u201cEstamos com importantes campanhas em andamento, al\u00e9m da disponibiliza\u00e7\u00e3o das doses previstas no Calend\u00e1rio Nacional de Imuniza\u00e7\u00e3o. \u00c9 fundamental que a popula\u00e7\u00e3o mantenha a carteirinha em dia e busque pela vacina contra gripe, que anualmente \u00e9 atualizada para proteger conta as cepas do v\u00edrus, e as doses contra Covid-19. Os v\u00edrus est\u00e3o em circula\u00e7\u00e3o e as vacinas evitam o agravamento das doen\u00e7as\u201d, ressalta a coordenadora da Vigil\u00e2ncia Epidemiol\u00f3gica, enfermeira Maria do Carmo Possidente.<\/p>\n\n\n\n<p><strong><em>Fonte \/ Imagem: Prefeitura de Jundia\u00ed<\/em><\/strong><\/p>\n","protected":false},"excerpt":{"rendered":"<p>\u00c9 importante que as pessoas busquem pelas vacinas<\/p>\n","protected":false},"author":30,"featured_media":109551,"comment_status":"closed","ping_status":"0","sticky":false,"template":"","format":"standard","meta":{"footnotes":""},"categories":[8356,1,2839,8355],"tags":[],"class_list":["post-109550","post","type-post","status-publish","format-standard","has-post-thumbnail","hentry","category-jundiai","category-noticias","category-saude","category-saude-3"],"_links":{"self":[{"href":"https:\/\/tvtecjundiai.com.br\/news\/wp-json\/wp\/v2\/posts\/109550","targetHints":{"allow":["GET"]}}],"collection":[{"href":"https:\/\/tvtecjundiai.com.br\/news\/wp-json\/wp\/v2\/posts"}],"about":[{"href":"https:\/\/tvtecjundiai.com.br\/news\/wp-json\/wp\/v2\/types\/post"}],"author":[{"embeddable":true,"href":"https:\/\/tvtecjundiai.com.br\/news\/wp-json\/wp\/v2\/users\/30"}],"replies":[{"embeddable":true,"href":"https:\/\/tvtecjundiai.com.br\/news\/wp-json\/wp\/v2\/comments?post=109550"}],"version-history":[{"count":1,"href":"https:\/\/tvtecjundiai.com.br\/news\/wp-json\/wp\/v2\/posts\/109550\/revisions"}],"predecessor-version":[{"id":109552,"href":"https:\/\/tvtecjundiai.com.br\/news\/wp-json\/wp\/v2\/posts\/109550\/revisions\/109552"}],"wp:featuredmedia":[{"embeddable":true,"href":"https:\/\/tvtecjundiai.com.br\/news\/wp-json\/wp\/v2\/media\/109551"}],"wp:attachment":[{"href":"https:\/\/tvtecjundiai.com.br\/news\/wp-json\/wp\/v2\/media?parent=109550"}],"wp:term":[{"taxonomy":"category","embeddable":true,"href":"https:\/\/tvtecjundiai.com.br\/news\/wp-json\/wp\/v2\/categories?post=109550"},{"taxonomy":"post_tag","embeddable":true,"href":"https:\/\/tvtecjundiai.com.br\/news\/wp-json\/wp\/v2\/tags?post=109550"}],"curies":[{"name":"wp","href":"https:\/\/api.w.org\/{rel}","templated":true}]}}