{"id":109553,"date":"2023-05-22T16:02:48","date_gmt":"2023-05-22T19:02:48","guid":{"rendered":"https:\/\/tvtecjundiai.com.br\/news\/?p=109553"},"modified":"2023-05-22T16:02:49","modified_gmt":"2023-05-22T19:02:49","slug":"cultura-abre-mais-de-500-vagas-em-oficinas-gratuitas-na-pracinha-do-vista-alegre","status":"publish","type":"post","link":"https:\/\/tvtecjundiai.com.br\/news\/2023\/05\/22\/cultura-abre-mais-de-500-vagas-em-oficinas-gratuitas-na-pracinha-do-vista-alegre\/","title":{"rendered":"Cultura abre mais de 500 vagas em oficinas gratuitas na Pracinha do Vista Alegre"},"content":{"rendered":"\n<p>A Unidade de Gest\u00e3o de Cultura (UGC) abriu 525 novas inscri\u00e7\u00f5es para o seu programa de oficinas culturais gratuitas de diversos segmentos e para distintas faixas et\u00e1rias na Pracinha da Cultura do Vista Alegre (antigo CEU das Artes).<\/p>\n\n\n\n<p>Desta vez, s\u00e3o 21 turmas \u2013 cada uma delas com 25 vagas, preenchidas por meio de formul\u00e1rio on-line, por ordem de inscri\u00e7\u00e3o. Cada interessado pode se inscrever em at\u00e9 tr\u00eas oficinas, desde que n\u00e3o haja conflito de hor\u00e1rio entre elas.<\/p>\n\n\n\n<p><a href=\"https:\/\/docs.google.com\/forms\/d\/e\/1FAIpQLSeDNLgY4ixXFiGmtvwO7G3T08jzbNrfAv2tJwsH_bw59TnZpg\/viewform?pli=1\" target=\"_blank\" rel=\"noreferrer noopener\">FA\u00c7A SUA INSCRI\u00c7\u00c3O GRATUITA<\/a><\/p>\n\n\n\n<p>As atividades propostas ter\u00e3o aulas semanais (algumas delas em mais de um dia na semana), com atividades de Dan\u00e7a, Teatro, instrumentos musicais, at\u00e9 pr\u00e1ticas esportivas \u2013 como capoeira, gin\u00e1stica e Muay Thai \u2013 at\u00e9 novidades como oficinas de TikTok, Arte Criativa e Malabarismo.<\/p>\n\n\n<div class=\"wp-block-image\">\n<figure class=\"aligncenter size-large\"><img loading=\"lazy\" decoding=\"async\" width=\"1200\" height=\"800\" src=\"https:\/\/tvtecjundiai.com.br\/news\/wp-content\/uploads\/sites\/2\/2023\/05\/pracinha-da-cultura-do-vista-alegre-aula-de-violao_fm_-1-1280x853-2-1200x800.jpg\" alt=\"\" class=\"wp-image-109555\" srcset=\"https:\/\/tvtecjundiai.com.br\/news\/wp-content\/uploads\/sites\/2\/2023\/05\/pracinha-da-cultura-do-vista-alegre-aula-de-violao_fm_-1-1280x853-2-1200x800.jpg 1200w, https:\/\/tvtecjundiai.com.br\/news\/wp-content\/uploads\/sites\/2\/2023\/05\/pracinha-da-cultura-do-vista-alegre-aula-de-violao_fm_-1-1280x853-2-300x200.jpg 300w, https:\/\/tvtecjundiai.com.br\/news\/wp-content\/uploads\/sites\/2\/2023\/05\/pracinha-da-cultura-do-vista-alegre-aula-de-violao_fm_-1-1280x853-2-768x512.jpg 768w, https:\/\/tvtecjundiai.com.br\/news\/wp-content\/uploads\/sites\/2\/2023\/05\/pracinha-da-cultura-do-vista-alegre-aula-de-violao_fm_-1-1280x853-2.jpg 1280w\" sizes=\"auto, (max-width: 1200px) 100vw, 1200px\" \/><figcaption class=\"wp-element-caption\">Programa\u00e7\u00e3o de oficinas vai at\u00e9 o final do ano, com atividades presenciais no centro cultural localizado no Vista Alegre<\/figcaption><\/figure>\n<\/div>\n\n\n<p>Confira as oficinas com inscri\u00e7\u00f5es abertas:<\/p>\n\n\n\n<ul class=\"wp-block-list\">\n<li><strong>Arte Criativa<\/strong><br>Faixa et\u00e1ria: maiores de 16 anos<br>Oficinas: \u00e0s segundas e quintas-feiras, das 19h30 \u00e0s 20h30<\/li>\n\n\n\n<li><strong>Ballet infantil<\/strong><br>Faixa et\u00e1ria: de tr\u00eas a seis anos<br>Oficinas: \u00e0s segundas e quartas-feiras, das 19h \u00e0s 20h<\/li>\n\n\n\n<li><strong>Ballet infantojuvenil<\/strong><br>Faixa et\u00e1ria: de sete a 13 anos<br>Oficinas: \u00e0s segundas e quartas-feiras, das 17h \u00e0s 18h<\/li>\n\n\n\n<li><strong>Capoeira<\/strong><br>Faixa et\u00e1ria: maiores de sete anos<br>Oficinas: aos s\u00e1bados, das 9h30 \u00e0s 10h30<\/li>\n\n\n\n<li><strong>Condicionamento f\u00edsico<\/strong><br>Faixa et\u00e1ria: maiores de 16 anos<br>Oficinas: \u00e0s quartas e sextas-feiras, das 9h \u00e0s 10h<\/li>\n\n\n\n<li><strong>Forr\u00f3 P\u00e9 de Serra<\/strong><br>Faixa et\u00e1ria: maiores de 16 anos<br>Oficinas: \u00e0s ter\u00e7as e quintas-feiras, das 19h \u00e0s 20h<\/li>\n\n\n\n<li><strong>Gin\u00e1stica Corporal<\/strong><br>Faixa et\u00e1ria: maiores de 16 anos<br>Oficinas: \u00e0s quartas e sextas-feiras, das 8h \u00e0s 9h<\/li>\n\n\n\n<li><strong>Hip Hop<\/strong><br>Faixa et\u00e1ria: de sete a 16 anos<br>Oficinas: \u00e0s segundas e quartas-feiras, das 19h \u00e0s 20h<\/li>\n\n\n\n<li><strong>Hip Hop<br><\/strong>Faixa et\u00e1ria: maiores de 17 anos<br>Oficinas: \u00e0s segundas e quartas-feiras, das 20h30 \u00e0s 21h30<\/li>\n\n\n\n<li><strong>Jazz infantil<\/strong><br>Faixa et\u00e1ria: de sete a 15 anos<br>Oficinas: \u00e0s segundas e quartas-feiras, das 18h \u00e0s 19h<\/li>\n\n\n\n<li><strong>Jazz adulto<\/strong><br>Faixa et\u00e1ria: maiores de 16 anos<br>Oficinas: \u00e0s segundas e quartas-feiras, das 19h \u00e0s 20h<\/li>\n<\/ul>\n\n\n\n<ul class=\"wp-block-list\">\n<li><strong>Malabarismo (Circo)<\/strong><br>Faixa et\u00e1ria: de cinco a 14 anos<br>Oficinas: \u00e0s segundas e quartas-feiras, das 20h \u00e0s 21h<\/li>\n\n\n\n<li><strong>Muay Thai<\/strong><br>Faixa et\u00e1ria: de sete a 15 anos<br>Oficinas: \u00e0s ter\u00e7as e quintas-feiras, das 19h \u00e0s 20h<\/li>\n\n\n\n<li><strong>Muay Thai<\/strong><br>Faixa et\u00e1ria: maiores de 16 anos<br>Oficinas: \u00e0s ter\u00e7as e quintas-feiras, das 20h \u00e0s 21h<\/li>\n\n\n\n<li><strong>Ritmos<\/strong><br>Faixa et\u00e1ria: maiores de 16 anos<br>Oficinas: \u00e0s quartas e quintas-feiras, das 20h \u00e0s 21h<\/li>\n\n\n\n<li><strong>Samba de Gafieira<\/strong><br>Faixa et\u00e1ria: maiores de 16 anos<br>Oficinas: ter\u00e7as e quintas-feiras, das 20h \u00e0s 21h<\/li>\n\n\n\n<li><strong>Teatro<\/strong><br>Faixa et\u00e1ria: de sete a 14 anos<br>Oficinas: \u00e0s ter\u00e7as-feiras, das 17h \u00e0s 19h<\/li>\n\n\n\n<li><strong>Teatro<\/strong><br>Faixa et\u00e1ria: a partir de 15 anos<br>Oficinas: \u00e0s quintas-feiras, das 17h \u00e0s 19h<\/li>\n\n\n\n<li><strong>Tik Tok<\/strong><br>Faixa et\u00e1ria: de seis a 15 anos<br>Oficinas: \u00e0s ter\u00e7as-feiras, das 20h \u00e0s 21h<\/li>\n\n\n\n<li><strong>Viol\u00e3o<\/strong><br>Faixa et\u00e1ria: a partir de 16 anos<br>Oficinas: \u00e0s ter\u00e7as e quintas-feiras, das 18h \u00e0s 19h<br>Aten\u00e7\u00e3o: para participar desta oficina \u00e9 necess\u00e1rio ter o instrumento musical<\/li>\n\n\n\n<li><strong>Viol\u00e3o<\/strong><br>Faixa et\u00e1ria: de nove a 15 anos<br>Oficinas: \u00e0s quartas-feiras, das 18h \u00e0s 19h<br>Aten\u00e7\u00e3o: para participar desta oficina \u00e9 necess\u00e1rio ter o instrumento musical<\/li>\n<\/ul>\n\n\n\n<p>A Pracinha da Cultura do Vista Alegre fica na rua Cabo Edvaldo Quirino Santana, 46-110 \u2013 Vista Alegre. Mais informa\u00e7\u00f5es pelo telefone 99009-1126.<\/p>\n\n\n\n<p><strong><em>Fonte \/ Imagem: Prefeitura de Jundia\u00ed<\/em><\/strong><\/p>\n","protected":false},"excerpt":{"rendered":"<p>Programa\u00e7\u00e3o de oficinas vai at\u00e9 o final do ano, com atividades presenciais no centro cultural localizado no Vista Alegre<\/p>\n","protected":false},"author":30,"featured_media":109555,"comment_status":"closed","ping_status":"0","sticky":false,"template":"","format":"standard","meta":{"footnotes":""},"categories":[2833,8356,1],"tags":[],"class_list":["post-109553","post","type-post","status-publish","format-standard","has-post-thumbnail","hentry","category-cultura","category-jundiai","category-noticias"],"_links":{"self":[{"href":"https:\/\/tvtecjundiai.com.br\/news\/wp-json\/wp\/v2\/posts\/109553","targetHints":{"allow":["GET"]}}],"collection":[{"href":"https:\/\/tvtecjundiai.com.br\/news\/wp-json\/wp\/v2\/posts"}],"about":[{"href":"https:\/\/tvtecjundiai.com.br\/news\/wp-json\/wp\/v2\/types\/post"}],"author":[{"embeddable":true,"href":"https:\/\/tvtecjundiai.com.br\/news\/wp-json\/wp\/v2\/users\/30"}],"replies":[{"embeddable":true,"href":"https:\/\/tvtecjundiai.com.br\/news\/wp-json\/wp\/v2\/comments?post=109553"}],"version-history":[{"count":1,"href":"https:\/\/tvtecjundiai.com.br\/news\/wp-json\/wp\/v2\/posts\/109553\/revisions"}],"predecessor-version":[{"id":109556,"href":"https:\/\/tvtecjundiai.com.br\/news\/wp-json\/wp\/v2\/posts\/109553\/revisions\/109556"}],"wp:featuredmedia":[{"embeddable":true,"href":"https:\/\/tvtecjundiai.com.br\/news\/wp-json\/wp\/v2\/media\/109555"}],"wp:attachment":[{"href":"https:\/\/tvtecjundiai.com.br\/news\/wp-json\/wp\/v2\/media?parent=109553"}],"wp:term":[{"taxonomy":"category","embeddable":true,"href":"https:\/\/tvtecjundiai.com.br\/news\/wp-json\/wp\/v2\/categories?post=109553"},{"taxonomy":"post_tag","embeddable":true,"href":"https:\/\/tvtecjundiai.com.br\/news\/wp-json\/wp\/v2\/tags?post=109553"}],"curies":[{"name":"wp","href":"https:\/\/api.w.org\/{rel}","templated":true}]}}