{"id":109558,"date":"2023-05-23T09:09:51","date_gmt":"2023-05-23T12:09:51","guid":{"rendered":"https:\/\/tvtecjundiai.com.br\/news\/?p=109558"},"modified":"2023-05-23T09:45:04","modified_gmt":"2023-05-23T12:45:04","slug":"100-politica-futebol-clube-estreia-na-biblioteca-dia-25","status":"publish","type":"post","link":"https:\/\/tvtecjundiai.com.br\/news\/2023\/05\/23\/100-politica-futebol-clube-estreia-na-biblioteca-dia-25\/","title":{"rendered":"Espet\u00e1culo &#8216;100 Pol\u00edtica Futebol Clube&#8217; estreia na Biblioteca dia 25"},"content":{"rendered":"\n<p>Com texto de Marcos C\u00e9sar Duarte, dire\u00e7\u00e3o de Jos\u00e9 Renato Forner e atua\u00e7\u00e3o de Rodrigo Moraes, acontece nesta quinta-feira (25), \u00e0s 19h, no audit\u00f3rio da Biblioteca P\u00fablica Municipal Prof. Nelson Foot,(BNF) a estreia do espet\u00e1culo teatral, \u201c100 Pol\u00edtica Futebol Clube\u201d.<\/p>\n\n\n\n<p>\u201c100 Pol\u00edtica Futebol Clube\u201d \u00e9 um clube de futebol formado no bairro do S\u00e3o Camilo, em Jundia\u00ed, nos anos 90\/2000. \u00c9 ele que d\u00e1 t\u00edtulo ao espet\u00e1culo. Conta a hist\u00f3ria do menino que mora em uma comunidade perif\u00e9rica e que sonha ser jogador de futebol. O sonho de muitos meninos da mesma idade, que quer dar uma vida melhor para sua m\u00e3e: uma casa com tv gigante para ela assistir aos seus programas com conforto e nunca mais precisar levantar t\u00e3o cedo para passar a roupa das patroas.<\/p>\n\n\n\n<p>A partir da\u00ed, mem\u00f3rias do Clube s\u00e3o trazidas em cena em forma de depoimentos audiovisuais construindo um caleidosc\u00f3pio de mem\u00f3rias que misturam &nbsp;dados biogr\u00e1ficos e fic\u00e7\u00e3o: o futebol traz \u00e0 tona as viol\u00eancias do bairro, as paix\u00f5es da torcida, a cria\u00e7\u00e3o da ala feminina do time, a negocia\u00e7\u00e3o do jogo final com o time formado pelos agentes da pol\u00edcia que patrulham a comunidade, o treinamento na biqueira, a luta para fazer um time sem interfer\u00eancias de pol\u00edticos ou outros patrocinadores ligados a esquemas n\u00e3o futebol\u00edsticos.<\/p>\n\n\n\n<figure class=\"wp-block-image\"><img decoding=\"async\" src=\"https:\/\/jundiai.sp.gov.br\/noticias\/wp-content\/uploads\/sites\/32\/2023\/05\/capa-960x960.jpg\" alt=\"\" class=\"wp-image-317822\" \/><\/figure>\n\n\n\n<p>\u201c100 Pol\u00edtica Futebol Clube\u201d tem dura\u00e7\u00e3o de uma hora, com entrada gratuita e recomenda\u00e7\u00e3o et\u00e1ria de 14 anos+. A apresenta\u00e7\u00e3o acontece no audit\u00f3rio da BNF, com capacidade para 86 pessoas. O acesso ao local se dar\u00e1 por ordem de chegada. A Biblioteca est\u00e1 localizada no Complexo Argos, na rua Dr. Cavalcanti, 396 \u2013 Vila Arens.<\/p>\n\n\n\n<p>Fonte \/ Imagem: Prefeitura de Jundia\u00ed<\/p>\n","protected":false},"excerpt":{"rendered":"<p>O texto \u00e9 de Marcos C\u00e9zar Duarte <\/p>\n","protected":false},"author":24,"featured_media":109566,"comment_status":"closed","ping_status":"0","sticky":false,"template":"","format":"standard","meta":{"footnotes":""},"categories":[1],"tags":[],"class_list":["post-109558","post","type-post","status-publish","format-standard","has-post-thumbnail","hentry","category-noticias"],"_links":{"self":[{"href":"https:\/\/tvtecjundiai.com.br\/news\/wp-json\/wp\/v2\/posts\/109558","targetHints":{"allow":["GET"]}}],"collection":[{"href":"https:\/\/tvtecjundiai.com.br\/news\/wp-json\/wp\/v2\/posts"}],"about":[{"href":"https:\/\/tvtecjundiai.com.br\/news\/wp-json\/wp\/v2\/types\/post"}],"author":[{"embeddable":true,"href":"https:\/\/tvtecjundiai.com.br\/news\/wp-json\/wp\/v2\/users\/24"}],"replies":[{"embeddable":true,"href":"https:\/\/tvtecjundiai.com.br\/news\/wp-json\/wp\/v2\/comments?post=109558"}],"version-history":[{"count":2,"href":"https:\/\/tvtecjundiai.com.br\/news\/wp-json\/wp\/v2\/posts\/109558\/revisions"}],"predecessor-version":[{"id":109580,"href":"https:\/\/tvtecjundiai.com.br\/news\/wp-json\/wp\/v2\/posts\/109558\/revisions\/109580"}],"wp:featuredmedia":[{"embeddable":true,"href":"https:\/\/tvtecjundiai.com.br\/news\/wp-json\/wp\/v2\/media\/109566"}],"wp:attachment":[{"href":"https:\/\/tvtecjundiai.com.br\/news\/wp-json\/wp\/v2\/media?parent=109558"}],"wp:term":[{"taxonomy":"category","embeddable":true,"href":"https:\/\/tvtecjundiai.com.br\/news\/wp-json\/wp\/v2\/categories?post=109558"},{"taxonomy":"post_tag","embeddable":true,"href":"https:\/\/tvtecjundiai.com.br\/news\/wp-json\/wp\/v2\/tags?post=109558"}],"curies":[{"name":"wp","href":"https:\/\/api.w.org\/{rel}","templated":true}]}}