{"id":109559,"date":"2023-05-23T09:05:50","date_gmt":"2023-05-23T12:05:50","guid":{"rendered":"https:\/\/tvtecjundiai.com.br\/news\/?p=109559"},"modified":"2023-05-23T09:05:55","modified_gmt":"2023-05-23T12:05:55","slug":"prefeito-e-gestores-recebem-integrantes-do-clube-dos-surdos","status":"publish","type":"post","link":"https:\/\/tvtecjundiai.com.br\/news\/2023\/05\/23\/prefeito-e-gestores-recebem-integrantes-do-clube-dos-surdos\/","title":{"rendered":"Prefeito e gestores recebem integrantes do Clube dos Surdos"},"content":{"rendered":"\n<p>O prefeito Luiz Fernando Machado e os gestores Tiago Texera (Sa\u00fade) e Luiz Cl\u00e1udio Tarallo (Esporte e Lazer) se reuniram, nesta segunda-feira (22), com integrantes do Clube dos Surdos de Jundia\u00ed. Entre os temas do encontro, no Pa\u00e7o Municipal, a realiza\u00e7\u00e3o da Copa do Brasil de Futsal de Surdos, em 2024, al\u00e9m de outras iniciativas que possibilitem a amplia\u00e7\u00e3o da inclus\u00e3o da pessoa com defici\u00eancia na sociedade.<\/p>\n\n\n\n<p>A Copa do Brasil de Futsal de Surdos \u00e9 um evento que re\u00fane 36 equipes e aproximadamente 600 participantes. A meta de Jundia\u00ed \u00e9 buscar promover a cidade como sede em 2024. Haver\u00e1 novos encontros para alinhar os detalhes e estudar a viabilidade da proposta. Neste ano a competi\u00e7\u00e3o ser\u00e1 disputada em Uberl\u00e2ndia\/MG, entre os dias 7 e 10 de setembro.<\/p>\n\n\n\n<p>\u201cPromover esse grande evento em Jundia\u00ed, al\u00e9m de fomentar a pr\u00e1tica da modalidade, mostra que o esporte \u00e9 uma importante ferramenta de inclus\u00e3o social. A nossa gest\u00e3o tem realizado diversos investimentos como foco na inclus\u00e3o e a organiza\u00e7\u00e3o da Copa seria mais um grande passo nesse sentido\u201d, afirma o Prefeito Luiz Fernando Machado.<\/p>\n\n\n\n<figure class=\"wp-block-image\"><img decoding=\"async\" src=\"https:\/\/jundiai.sp.gov.br\/noticias\/wp-content\/uploads\/sites\/32\/2023\/05\/encontro-clube-dos-surdos-11-3-1280x835.jpg\" alt=\"\" class=\"wp-image-317852\" \/><figcaption class=\"wp-element-caption\">Encontro foi realizado nesta segunda-feira (22), reuniu prefeito, gestores, vereador e representantes do Clube dos Surdos<\/figcaption><\/figure>\n\n\n\n<p><strong>Pautas<\/strong><\/p>\n\n\n\n<p>O atendimento na sa\u00fade relacionado \u00e0s pessoas surdas tamb\u00e9m foi pauta do di\u00e1logo.<\/p>\n\n\n\n<p>Para a presidente do Clube dos Surdos, Irene F\u00e1tima Faria Mantovani, a reuni\u00e3o foi bastante produtiva. \u201cA aproxima\u00e7\u00e3o com o poder p\u00fablico \u00e9 fundamental para ampliar a assist\u00eancia para as pessoas com defici\u00eancia. A presen\u00e7a de um int\u00e9rprete nas consultas facilita a nossa comunica\u00e7\u00e3o e permite que sejamos mais independentes\u201d, ressalta Irene.<\/p>\n\n\n\n<p>O encontro foi intermediado pelo Vereador Faouaz Taha.<\/p>\n\n\n\n<p><\/p>\n\n\n\n<p>Fonte \/ Imagem: Prefeitura de Jundia\u00ed <\/p>\n","protected":false},"excerpt":{"rendered":"<p>O atendimento na sa\u00fade relacionado \u00e0s pessoas surdas foi pauta do di\u00e1logo.<\/p>\n","protected":false},"author":24,"featured_media":109564,"comment_status":"closed","ping_status":"0","sticky":false,"template":"","format":"standard","meta":{"footnotes":""},"categories":[1],"tags":[],"class_list":["post-109559","post","type-post","status-publish","format-standard","has-post-thumbnail","hentry","category-noticias"],"_links":{"self":[{"href":"https:\/\/tvtecjundiai.com.br\/news\/wp-json\/wp\/v2\/posts\/109559","targetHints":{"allow":["GET"]}}],"collection":[{"href":"https:\/\/tvtecjundiai.com.br\/news\/wp-json\/wp\/v2\/posts"}],"about":[{"href":"https:\/\/tvtecjundiai.com.br\/news\/wp-json\/wp\/v2\/types\/post"}],"author":[{"embeddable":true,"href":"https:\/\/tvtecjundiai.com.br\/news\/wp-json\/wp\/v2\/users\/24"}],"replies":[{"embeddable":true,"href":"https:\/\/tvtecjundiai.com.br\/news\/wp-json\/wp\/v2\/comments?post=109559"}],"version-history":[{"count":1,"href":"https:\/\/tvtecjundiai.com.br\/news\/wp-json\/wp\/v2\/posts\/109559\/revisions"}],"predecessor-version":[{"id":109565,"href":"https:\/\/tvtecjundiai.com.br\/news\/wp-json\/wp\/v2\/posts\/109559\/revisions\/109565"}],"wp:featuredmedia":[{"embeddable":true,"href":"https:\/\/tvtecjundiai.com.br\/news\/wp-json\/wp\/v2\/media\/109564"}],"wp:attachment":[{"href":"https:\/\/tvtecjundiai.com.br\/news\/wp-json\/wp\/v2\/media?parent=109559"}],"wp:term":[{"taxonomy":"category","embeddable":true,"href":"https:\/\/tvtecjundiai.com.br\/news\/wp-json\/wp\/v2\/categories?post=109559"},{"taxonomy":"post_tag","embeddable":true,"href":"https:\/\/tvtecjundiai.com.br\/news\/wp-json\/wp\/v2\/tags?post=109559"}],"curies":[{"name":"wp","href":"https:\/\/api.w.org\/{rel}","templated":true}]}}