{"id":109560,"date":"2023-05-23T09:00:44","date_gmt":"2023-05-23T12:00:44","guid":{"rendered":"https:\/\/tvtecjundiai.com.br\/news\/?p=109560"},"modified":"2023-05-23T09:00:45","modified_gmt":"2023-05-23T12:00:45","slug":"governo-lanca-canal-de-denuncias-sobre-preco-de-combustiveis","status":"publish","type":"post","link":"https:\/\/tvtecjundiai.com.br\/news\/2023\/05\/23\/governo-lanca-canal-de-denuncias-sobre-preco-de-combustiveis\/","title":{"rendered":"Governo lan\u00e7a canal de den\u00fancias sobre pre\u00e7o de combust\u00edveis"},"content":{"rendered":"\n<p>A Secretaria Nacional do Consumidor (Senacon), vinculada ao Minist\u00e9rio da Justi\u00e7a e Seguran\u00e7a P\u00fablica, lan\u00e7ou nesta segunda-feira (22) um canal de den\u00fancias espec\u00edfico para cobran\u00e7a de pre\u00e7os abusivos nos postos de combust\u00edveis. Os consumidores poder\u00e3o registrar reclama\u00e7\u00f5es em um formul\u00e1rio online, que j\u00e1 est\u00e1 dispon\u00edvel.<\/p>\n\n\n\n<p>A iniciativa \u00e9 mais um desdobramento das a\u00e7\u00f5es para tentar fazer valer a decis\u00e3o da Petrobras, que reduziu nesta semana o pre\u00e7o dos combust\u00edveis vendidos \u00e0s distribuidoras. A redu\u00e7\u00e3o foi de R$ 0,44 por litro do pre\u00e7o m\u00e9dio do diesel, que caiu de R$ 3,46 para R$ 3,02, e de R$ 0,40 por litro da gasolina, passando de R$ 3,18 para R$ 2,78.<\/p>\n\n\n<div class=\"wp-block-image\">\n<figure class=\"aligncenter size-full\"><img loading=\"lazy\" decoding=\"async\" width=\"1170\" height=\"700\" src=\"https:\/\/tvtecjundiai.com.br\/news\/wp-content\/uploads\/sites\/2\/2023\/05\/gasolina-combustivel-etanol-aumento-petrobras.jpg\" alt=\"\" class=\"wp-image-109561\" srcset=\"https:\/\/tvtecjundiai.com.br\/news\/wp-content\/uploads\/sites\/2\/2023\/05\/gasolina-combustivel-etanol-aumento-petrobras.jpg 1170w, https:\/\/tvtecjundiai.com.br\/news\/wp-content\/uploads\/sites\/2\/2023\/05\/gasolina-combustivel-etanol-aumento-petrobras-300x179.jpg 300w, https:\/\/tvtecjundiai.com.br\/news\/wp-content\/uploads\/sites\/2\/2023\/05\/gasolina-combustivel-etanol-aumento-petrobras-768x459.jpg 768w\" sizes=\"auto, (max-width: 1170px) 100vw, 1170px\" \/><figcaption class=\"wp-element-caption\">Foto: Jos\u00e9 Cruz\/Ag\u00eancia Brasil<\/figcaption><\/figure>\n<\/div>\n\n\n<p><\/p>\n\n\n\n<p>Apesar disso, consumidores de diversas partes do pa\u00eds reclamaram que as redu\u00e7\u00f5es nos valores n\u00e3o foram repassados e, em alguns casos, o pre\u00e7o at\u00e9 subiu para em seguida voltar ao patamar anterior, como forma de fraudar uma redu\u00e7\u00e3o.<\/p>\n\n\n\n<p>Para verificar se os postos de abastecimento est\u00e3o repassando de forma adequada as varia\u00e7\u00f5es de pre\u00e7o ao consumidor final e se est\u00e3o cumprindo as normas e regulamenta\u00e7\u00f5es vigentes, a Senacon coordenar\u00e1, na pr\u00f3xima quarta-feira (24), o Mutir\u00e3o do Pre\u00e7o Justo, em todo o Brasil.<\/p>\n\n\n\n<p>Com apoio dos Procons, ser\u00e1 feito o monitoramento da precifica\u00e7\u00e3o dos combust\u00edveis nas cidades brasileiras, com envio para a Senacon do maior e do menor valor encontrado nos estabelecimentos. O relat\u00f3rio com os dados ser\u00e1 apresentado ao p\u00fablico no dia 30 de maio.<\/p>\n\n\n\n<p><strong>Curso<\/strong><\/p>\n\n\n\n<p>Em outra iniciativa, o governo est\u00e1 com inscri\u00e7\u00f5es abertas, at\u00e9 o dia 29 de maio, para o curso Conhecendo o Mercado de Combust\u00edveis. A forma\u00e7\u00e3o pretende apresentar o funcionamento do mercado de combust\u00edveis, possibilitando conhecer as caracter\u00edsticas dos produtos comercializados e como o poder p\u00fablico age para regular essa atividade por meio da Ag\u00eancia Nacional de Petr\u00f3leo, G\u00e1s e Biocombust\u00edveis (ANP).<\/p>\n\n\n\n<p>Segundo o governo, o curso tem carga hor\u00e1ria de 20 horas e foi desenvolvido visando, prioritariamente, os consumidores, agentes p\u00fablicos de \u00f3rg\u00e3os vinculados \u00e0 prote\u00e7\u00e3o da defesa do consumidor e agentes de mercado.<\/p>\n\n\n\n<p><em><strong>(Fonte: Ag\u00eancia Brasil\/Imagem: Jos\u00e9 Cruz\/Ag\u00eancia Brasil)<\/strong><\/em><\/p>\n","protected":false},"excerpt":{"rendered":"<p>Os consumidores poder\u00e3o registrar reclama\u00e7\u00f5es em um formul\u00e1rio online que j\u00e1 est\u00e1 dispon\u00edvel<\/p>\n","protected":false},"author":30,"featured_media":109561,"comment_status":"closed","ping_status":"0","sticky":false,"template":"","format":"standard","meta":{"footnotes":""},"categories":[2829,1],"tags":[],"class_list":["post-109560","post","type-post","status-publish","format-standard","has-post-thumbnail","hentry","category-economia","category-noticias"],"_links":{"self":[{"href":"https:\/\/tvtecjundiai.com.br\/news\/wp-json\/wp\/v2\/posts\/109560","targetHints":{"allow":["GET"]}}],"collection":[{"href":"https:\/\/tvtecjundiai.com.br\/news\/wp-json\/wp\/v2\/posts"}],"about":[{"href":"https:\/\/tvtecjundiai.com.br\/news\/wp-json\/wp\/v2\/types\/post"}],"author":[{"embeddable":true,"href":"https:\/\/tvtecjundiai.com.br\/news\/wp-json\/wp\/v2\/users\/30"}],"replies":[{"embeddable":true,"href":"https:\/\/tvtecjundiai.com.br\/news\/wp-json\/wp\/v2\/comments?post=109560"}],"version-history":[{"count":1,"href":"https:\/\/tvtecjundiai.com.br\/news\/wp-json\/wp\/v2\/posts\/109560\/revisions"}],"predecessor-version":[{"id":109562,"href":"https:\/\/tvtecjundiai.com.br\/news\/wp-json\/wp\/v2\/posts\/109560\/revisions\/109562"}],"wp:featuredmedia":[{"embeddable":true,"href":"https:\/\/tvtecjundiai.com.br\/news\/wp-json\/wp\/v2\/media\/109561"}],"wp:attachment":[{"href":"https:\/\/tvtecjundiai.com.br\/news\/wp-json\/wp\/v2\/media?parent=109560"}],"wp:term":[{"taxonomy":"category","embeddable":true,"href":"https:\/\/tvtecjundiai.com.br\/news\/wp-json\/wp\/v2\/categories?post=109560"},{"taxonomy":"post_tag","embeddable":true,"href":"https:\/\/tvtecjundiai.com.br\/news\/wp-json\/wp\/v2\/tags?post=109560"}],"curies":[{"name":"wp","href":"https:\/\/api.w.org\/{rel}","templated":true}]}}