{"id":109568,"date":"2023-05-23T09:11:11","date_gmt":"2023-05-23T12:11:11","guid":{"rendered":"https:\/\/tvtecjundiai.com.br\/news\/?p=109568"},"modified":"2023-05-23T09:11:26","modified_gmt":"2023-05-23T12:11:26","slug":"governo-promove-reuniao-de-monitoramento-e-destaca-obras-do-canil-e-centro-de-especialidades","status":"publish","type":"post","link":"https:\/\/tvtecjundiai.com.br\/news\/2023\/05\/23\/governo-promove-reuniao-de-monitoramento-e-destaca-obras-do-canil-e-centro-de-especialidades\/","title":{"rendered":"Governo promove Reuni\u00e3o de Monitoramento e destaca obras do Canil e Centro de Especialidades"},"content":{"rendered":"\n<p>Nesta segunda-feira (22), o Gestor de Governo e Finan\u00e7as, Jos\u00e9 Antonio Parimoschi, conduziu a 23\u00aa Reuni\u00e3o de Monitoramento, acompanhado de gestores municipais, na Sala de Situa\u00e7\u00e3o do Pa\u00e7o Municipal. A reuni\u00e3o mensal tem como foco monitorar os avan\u00e7os dos projetos priorit\u00e1rios do Governo, de forma integrada entre as plataformas da gest\u00e3o.<\/p>\n\n\n\n<p>O principal projeto discutido foi o Canil da Guarda Municipal do Medeiros. As obras est\u00e3o evoluindo e a expectativa de conclus\u00e3o e entrega do equipamento \u00e9 at\u00e9 o final deste ano. Os investimentos s\u00e3o de R$ 4 milh\u00f5es, oriundo de recursos pr\u00f3prios. A nova sede ir\u00e1 ampliar o atendimento e a seguran\u00e7a p\u00fablica no vetor oeste da cidade. Outra obra comentada e que segue avan\u00e7ando, \u00e9 o Centro de Especialidades M\u00e9dicas e Diagn\u00f3sticos e Pronto Atendimento Vila Progresso.<\/p>\n\n\n\n<figure class=\"wp-block-image\"><img decoding=\"async\" src=\"https:\/\/jundiai.sp.gov.br\/noticias\/wp-content\/uploads\/sites\/32\/2023\/05\/reuniao-de-gestores-7-1280x854.jpg\" alt=\"\" class=\"wp-image-317865\" \/><figcaption class=\"wp-element-caption\">Reuni\u00e3o de Monitoramento aconteceu na Sala de Situa\u00e7\u00e3o<\/figcaption><\/figure>\n\n\n\n<p>\u201cO monitoramento dos projetos \u00e9 uma pr\u00e1tica implementada desde o in\u00edcio da gest\u00e3o. O objetivo \u00e9 trazer mais efetividade na resolu\u00e7\u00e3o dos problemas, por meio de conversas intersetoriais, e realizar as entregas necess\u00e1rias que ir\u00e3o melhorar a qualidade do servi\u00e7o p\u00fablico para o cidad\u00e3o\u201d, afirma o Gestor de Governo e Finan\u00e7as, Jos\u00e9 Antonio Parimoschi.<\/p>\n\n\n\n<p>Na reuni\u00e3o desta segunda-feira, participaram o gestores e gerentes de projeto das Unidades de Gest\u00e3o de Promo\u00e7\u00e3o de Sa\u00fade (UGPS), Esporte e Lazer (UGEL), Educa\u00e7\u00e3o (UGE), Cultura (UGC), Seguran\u00e7a Municipal (UGSM), Assist\u00eancia e Desenvolvimento Social (UGADS) e Fumas.<\/p>\n\n\n\n<p><\/p>\n\n\n\n<p>Fonte \/ Imagem: Prefeitura de Jundia\u00ed<\/p>\n","protected":false},"excerpt":{"rendered":"<p>Reuni\u00e3o de Monitoramento aconteceu na Sala de Situa\u00e7\u00e3o<\/p>\n","protected":false},"author":24,"featured_media":109569,"comment_status":"closed","ping_status":"0","sticky":false,"template":"","format":"standard","meta":{"footnotes":""},"categories":[1],"tags":[],"class_list":["post-109568","post","type-post","status-publish","format-standard","has-post-thumbnail","hentry","category-noticias"],"_links":{"self":[{"href":"https:\/\/tvtecjundiai.com.br\/news\/wp-json\/wp\/v2\/posts\/109568","targetHints":{"allow":["GET"]}}],"collection":[{"href":"https:\/\/tvtecjundiai.com.br\/news\/wp-json\/wp\/v2\/posts"}],"about":[{"href":"https:\/\/tvtecjundiai.com.br\/news\/wp-json\/wp\/v2\/types\/post"}],"author":[{"embeddable":true,"href":"https:\/\/tvtecjundiai.com.br\/news\/wp-json\/wp\/v2\/users\/24"}],"replies":[{"embeddable":true,"href":"https:\/\/tvtecjundiai.com.br\/news\/wp-json\/wp\/v2\/comments?post=109568"}],"version-history":[{"count":2,"href":"https:\/\/tvtecjundiai.com.br\/news\/wp-json\/wp\/v2\/posts\/109568\/revisions"}],"predecessor-version":[{"id":109571,"href":"https:\/\/tvtecjundiai.com.br\/news\/wp-json\/wp\/v2\/posts\/109568\/revisions\/109571"}],"wp:featuredmedia":[{"embeddable":true,"href":"https:\/\/tvtecjundiai.com.br\/news\/wp-json\/wp\/v2\/media\/109569"}],"wp:attachment":[{"href":"https:\/\/tvtecjundiai.com.br\/news\/wp-json\/wp\/v2\/media?parent=109568"}],"wp:term":[{"taxonomy":"category","embeddable":true,"href":"https:\/\/tvtecjundiai.com.br\/news\/wp-json\/wp\/v2\/categories?post=109568"},{"taxonomy":"post_tag","embeddable":true,"href":"https:\/\/tvtecjundiai.com.br\/news\/wp-json\/wp\/v2\/tags?post=109568"}],"curies":[{"name":"wp","href":"https:\/\/api.w.org\/{rel}","templated":true}]}}