{"id":109590,"date":"2023-05-23T11:37:03","date_gmt":"2023-05-23T14:37:03","guid":{"rendered":"https:\/\/tvtecjundiai.com.br\/news\/?p=109590"},"modified":"2023-05-23T11:37:04","modified_gmt":"2023-05-23T14:37:04","slug":"equipes-de-alfenas-e-mogi-das-cruzes-buscam-referencia-em-unidades-escolares-de-jundiai","status":"publish","type":"post","link":"https:\/\/tvtecjundiai.com.br\/news\/2023\/05\/23\/equipes-de-alfenas-e-mogi-das-cruzes-buscam-referencia-em-unidades-escolares-de-jundiai\/","title":{"rendered":"Equipes de Alfenas e Mogi das Cruzes buscam refer\u00eancia em unidades escolares de Jundia\u00ed"},"content":{"rendered":"\n<p>Jundia\u00ed recebeu nesta segunda-feira (22) a visita t\u00e9cnica de equipes das secretarias de Educa\u00e7\u00e3o das Prefeituras de Alfenas (Minas Gerais) e de Mogi das Cruzes (S\u00e3o Paulo), interessadas em conferir as novidades implementadas do Munic\u00edpio em rela\u00e7\u00e3o \u00e0 ambi\u00eancia escolar e pr\u00e1ticas pedag\u00f3gicas inovadoras. A indica\u00e7\u00e3o foi feita pela Rede Urban95, iniciativa global vinculada \u00e0 Funda\u00e7\u00e3o holandesa Bernard van Leer da qual Jundia\u00ed faz parte desde dezembro de 2020, e que agora conta com os dois Munic\u00edpios em fase de ades\u00e3o.<\/p>\n\n\n\n<p>Ao longo dia, as equipes estiveram na Emeb Professora Br\u00edgida Gatto, de Educa\u00e7\u00e3o Infantil I, no jardim Bonfiglioli; na Emeb Professora Cleo Nogueira Barbosa, do Infantil II, no jardim Novo Horizonte; e na Emeb Professor Anezio de Oliveira (Emeb dos Sonhos), do Infantil II e Ensino Fundamental, na vila Marlene.<\/p>\n\n\n<div class=\"wp-block-image\">\n<figure class=\"aligncenter size-large\"><img loading=\"lazy\" decoding=\"async\" width=\"1200\" height=\"801\" src=\"https:\/\/tvtecjundiai.com.br\/news\/wp-content\/uploads\/sites\/2\/2023\/05\/emeb-anezio_visita_alfenas_mogi_das_cruzes_m_-66-1280x854-1-1200x801.jpg\" alt=\"\" class=\"wp-image-109591\" srcset=\"https:\/\/tvtecjundiai.com.br\/news\/wp-content\/uploads\/sites\/2\/2023\/05\/emeb-anezio_visita_alfenas_mogi_das_cruzes_m_-66-1280x854-1-1200x801.jpg 1200w, https:\/\/tvtecjundiai.com.br\/news\/wp-content\/uploads\/sites\/2\/2023\/05\/emeb-anezio_visita_alfenas_mogi_das_cruzes_m_-66-1280x854-1-300x200.jpg 300w, https:\/\/tvtecjundiai.com.br\/news\/wp-content\/uploads\/sites\/2\/2023\/05\/emeb-anezio_visita_alfenas_mogi_das_cruzes_m_-66-1280x854-1-768x512.jpg 768w, https:\/\/tvtecjundiai.com.br\/news\/wp-content\/uploads\/sites\/2\/2023\/05\/emeb-anezio_visita_alfenas_mogi_das_cruzes_m_-66-1280x854-1.jpg 1280w\" sizes=\"auto, (max-width: 1200px) 100vw, 1200px\" \/><figcaption class=\"wp-element-caption\">Encontro e visita\u00e7\u00e3o aconteceram em v\u00e1rios espa\u00e7os da rede de Ensino no Munic\u00edpio<\/figcaption><\/figure>\n<\/div>\n\n\n<p>\u201cMais uma vez Jundia\u00ed se torna refer\u00eancia para outros Munic\u00edpios interessados em implementar nossas pr\u00e1ticas exitosas. Durante a visita, as equipes puderam conferir como o investimento na qualidade do ensino, a forma\u00e7\u00e3o dos educadores e a preocupa\u00e7\u00e3o com a ambi\u00eancia escolar, os tr\u00eas eixos do programa Escola Inovadora, est\u00e3o integrados dentro das unidades escolares e podem inspir\u00e1-las, enquanto pr\u00e1ticas pedag\u00f3gicas\u201d, comenta a gestora da Unidade de Gest\u00e3o de Educa\u00e7\u00e3o, Vast\u00ed Ferrari Marques.<\/p>\n\n\n\n<p>A diretora do Departamento de Educa\u00e7\u00e3o Infantil da UGE, Tha\u00eds Non\u00f4, que acompanhou as equipes, compartilha as impress\u00f5es dos visitantes. \u201cTodos sa\u00edram daqui muito encantados e impressionados com o que viram, desde a ambi\u00eancia escolar, at\u00e9 o planejamento pedag\u00f3gico, a Educa\u00e7\u00e3o Inclusiva, as pr\u00e1ticas do desemparedamento e o contato dos nossos estudantes com a natureza\u201d, compartilhou.<\/p>\n\n\n\n<p><strong><em>Fonte \/ Imagem: Prefeitura de Jundia\u00ed<\/em><\/strong><\/p>\n","protected":false},"excerpt":{"rendered":"<p>Encontro e visita\u00e7\u00e3o aconteceram em v\u00e1rios espa\u00e7os da rede de Ensino no Munic\u00edpio<\/p>\n","protected":false},"author":30,"featured_media":109592,"comment_status":"closed","ping_status":"0","sticky":false,"template":"","format":"standard","meta":{"footnotes":""},"categories":[2828,8356,1],"tags":[],"class_list":["post-109590","post","type-post","status-publish","format-standard","has-post-thumbnail","hentry","category-educacao","category-jundiai","category-noticias"],"_links":{"self":[{"href":"https:\/\/tvtecjundiai.com.br\/news\/wp-json\/wp\/v2\/posts\/109590","targetHints":{"allow":["GET"]}}],"collection":[{"href":"https:\/\/tvtecjundiai.com.br\/news\/wp-json\/wp\/v2\/posts"}],"about":[{"href":"https:\/\/tvtecjundiai.com.br\/news\/wp-json\/wp\/v2\/types\/post"}],"author":[{"embeddable":true,"href":"https:\/\/tvtecjundiai.com.br\/news\/wp-json\/wp\/v2\/users\/30"}],"replies":[{"embeddable":true,"href":"https:\/\/tvtecjundiai.com.br\/news\/wp-json\/wp\/v2\/comments?post=109590"}],"version-history":[{"count":1,"href":"https:\/\/tvtecjundiai.com.br\/news\/wp-json\/wp\/v2\/posts\/109590\/revisions"}],"predecessor-version":[{"id":109593,"href":"https:\/\/tvtecjundiai.com.br\/news\/wp-json\/wp\/v2\/posts\/109590\/revisions\/109593"}],"wp:featuredmedia":[{"embeddable":true,"href":"https:\/\/tvtecjundiai.com.br\/news\/wp-json\/wp\/v2\/media\/109592"}],"wp:attachment":[{"href":"https:\/\/tvtecjundiai.com.br\/news\/wp-json\/wp\/v2\/media?parent=109590"}],"wp:term":[{"taxonomy":"category","embeddable":true,"href":"https:\/\/tvtecjundiai.com.br\/news\/wp-json\/wp\/v2\/categories?post=109590"},{"taxonomy":"post_tag","embeddable":true,"href":"https:\/\/tvtecjundiai.com.br\/news\/wp-json\/wp\/v2\/tags?post=109590"}],"curies":[{"name":"wp","href":"https:\/\/api.w.org\/{rel}","templated":true}]}}