{"id":109599,"date":"2023-05-23T15:06:04","date_gmt":"2023-05-23T18:06:04","guid":{"rendered":"https:\/\/tvtecjundiai.com.br\/news\/?p=109599"},"modified":"2023-05-23T15:06:07","modified_gmt":"2023-05-23T18:06:07","slug":"faculdade-de-medicina-de-jundiai-recebe-apresentacao-de-trio-de-cordas","status":"publish","type":"post","link":"https:\/\/tvtecjundiai.com.br\/news\/2023\/05\/23\/faculdade-de-medicina-de-jundiai-recebe-apresentacao-de-trio-de-cordas\/","title":{"rendered":"Faculdade de Medicina de Jundia\u00ed recebe apresenta\u00e7\u00e3o de trio de cordas"},"content":{"rendered":"\n<p>A Faculdade de Medicina de Jundia\u00ed (FMJ) abriu um espa\u00e7o para eventos culturais para a popula\u00e7\u00e3o, em parceria com a Sociedade Jundiaense de Cultura Art\u00edstica (SJCA). Embora seja uma institui\u00e7\u00e3o de ensino, a faculdade entende que a arte e a m\u00fasica s\u00e3o importantes para a vida do ser humano e, por isso, oferece um ambiente prop\u00edcio para o desenvolvimento dessas atividades.<\/p>\n\n\n\n<p>O Trio Madera, composto pelas musicistas Mayra Pezzuti (violino), Elisa Monteiro (viola) e Denise Ferrari (violoncelo), se apresenta na Faculdade de Medicina de Jundia\u00ed no dia 26 de maio, \u00e0s 19h, na rua Francisco Telles, 250, 3\u00ba andar &#8211; Vila Arens II, no Audit\u00f3rio da Faculdade de Medicina de Jundia\u00ed.<\/p>\n\n\n\n<p>No repert\u00f3rio est\u00e3o compositores como J. S. Bach: Goldberg Variationen BWV 988; Aria e Variation 1; L. V. Beethoven: Streichtrio op.9 n.3; I Allegro con spirito; II Adagio con espressione; III Scherzo: Allegro molto e vivace; IV Finale: Presto; Max Reger Trio op.77b: I Sostenuto: Allegro Agitato; II Larghetto; III Scherzo; IV Allegro con moto.<\/p>\n\n\n<div class=\"wp-block-image\">\n<figure class=\"aligncenter size-large is-resized\"><img loading=\"lazy\" decoding=\"async\" src=\"https:\/\/tvtecjundiai.com.br\/news\/wp-content\/uploads\/sites\/2\/2023\/05\/trio-de-cordas-767x960.jpg\" alt=\"\" class=\"wp-image-109600\" width=\"607\" height=\"760\" srcset=\"https:\/\/tvtecjundiai.com.br\/news\/wp-content\/uploads\/sites\/2\/2023\/05\/trio-de-cordas-767x960.jpg 767w, https:\/\/tvtecjundiai.com.br\/news\/wp-content\/uploads\/sites\/2\/2023\/05\/trio-de-cordas-300x375.jpg 300w, https:\/\/tvtecjundiai.com.br\/news\/wp-content\/uploads\/sites\/2\/2023\/05\/trio-de-cordas-768x961.jpg 768w, https:\/\/tvtecjundiai.com.br\/news\/wp-content\/uploads\/sites\/2\/2023\/05\/trio-de-cordas.jpg 863w\" sizes=\"auto, (max-width: 607px) 100vw, 607px\" \/><\/figure>\n<\/div>\n\n\n<p><\/p>\n\n\n\n<p>A apresenta\u00e7\u00e3o \u00e9 gratuita e os ingressos podem ser adquiridos pela plataforma Sympla. O projeto est\u00e1 sendo realizado com recursos da Secretaria de Cultura e Economia Criativa do Governo do Estado de S\u00e3o Paulo.<\/p>\n\n\n\n<p>Segundo Claudia Feres, maestrina e integrante da Sociedade Jundiaense de Cultura Art\u00edstica (SJCA), a m\u00fasica erudita desempenha um papel fundamental na preserva\u00e7\u00e3o e enriquecimento da cultura, transmitindo emo\u00e7\u00f5es profundas e estimulando a imagina\u00e7\u00e3o.<\/p>\n\n\n\n<p>Para o diretor da Faculdade de Medicina de Jundia\u00ed, Evaldo Marchi, \u00e9 atrav\u00e9s da aprecia\u00e7\u00e3o da m\u00fasica erudita que cultivamos a sensibilidade e nutrimos nossa alma com a beleza que ultrapassa o tempo e o espa\u00e7o. &#8220;Por isso consideramos fundamentar abrir a institui\u00e7\u00e3o para esse tipo de apresenta\u00e7\u00e3o&#8221;.<\/p>\n\n\n\n<p><strong><em>(Fonte: Assessoria Faculdade de Medicina de Jundia\u00ed\/Imagem: Divulga\u00e7\u00e3o)<\/em><\/strong><\/p>\n","protected":false},"excerpt":{"rendered":"<p>O Trio Madera se apresenta no dia 26 de maio, \u00e0s 19h; os ingressos s\u00e3o gratuitos<\/p>\n","protected":false},"author":30,"featured_media":109601,"comment_status":"closed","ping_status":"0","sticky":false,"template":"","format":"standard","meta":{"footnotes":""},"categories":[2833,8356,1],"tags":[],"class_list":["post-109599","post","type-post","status-publish","format-standard","has-post-thumbnail","hentry","category-cultura","category-jundiai","category-noticias"],"_links":{"self":[{"href":"https:\/\/tvtecjundiai.com.br\/news\/wp-json\/wp\/v2\/posts\/109599","targetHints":{"allow":["GET"]}}],"collection":[{"href":"https:\/\/tvtecjundiai.com.br\/news\/wp-json\/wp\/v2\/posts"}],"about":[{"href":"https:\/\/tvtecjundiai.com.br\/news\/wp-json\/wp\/v2\/types\/post"}],"author":[{"embeddable":true,"href":"https:\/\/tvtecjundiai.com.br\/news\/wp-json\/wp\/v2\/users\/30"}],"replies":[{"embeddable":true,"href":"https:\/\/tvtecjundiai.com.br\/news\/wp-json\/wp\/v2\/comments?post=109599"}],"version-history":[{"count":1,"href":"https:\/\/tvtecjundiai.com.br\/news\/wp-json\/wp\/v2\/posts\/109599\/revisions"}],"predecessor-version":[{"id":109602,"href":"https:\/\/tvtecjundiai.com.br\/news\/wp-json\/wp\/v2\/posts\/109599\/revisions\/109602"}],"wp:featuredmedia":[{"embeddable":true,"href":"https:\/\/tvtecjundiai.com.br\/news\/wp-json\/wp\/v2\/media\/109601"}],"wp:attachment":[{"href":"https:\/\/tvtecjundiai.com.br\/news\/wp-json\/wp\/v2\/media?parent=109599"}],"wp:term":[{"taxonomy":"category","embeddable":true,"href":"https:\/\/tvtecjundiai.com.br\/news\/wp-json\/wp\/v2\/categories?post=109599"},{"taxonomy":"post_tag","embeddable":true,"href":"https:\/\/tvtecjundiai.com.br\/news\/wp-json\/wp\/v2\/tags?post=109599"}],"curies":[{"name":"wp","href":"https:\/\/api.w.org\/{rel}","templated":true}]}}