{"id":109626,"date":"2023-05-24T09:59:03","date_gmt":"2023-05-24T12:59:03","guid":{"rendered":"https:\/\/tvtecjundiai.com.br\/news\/?p=109626"},"modified":"2023-05-24T09:59:06","modified_gmt":"2023-05-24T12:59:06","slug":"mes-do-meio-ambiente-junho-tera-diversas-acoes-programadas-na-cidade","status":"publish","type":"post","link":"https:\/\/tvtecjundiai.com.br\/news\/2023\/05\/24\/mes-do-meio-ambiente-junho-tera-diversas-acoes-programadas-na-cidade\/","title":{"rendered":"M\u00eas do Meio Ambiente: Junho ter\u00e1 diversas a\u00e7\u00f5es programadas na cidade"},"content":{"rendered":"\n<p>O Dia Mundial do Meio Ambiente, comemorado em 5 de junho, ser\u00e1 celebrado em Jundia\u00ed ao longo de todo o m\u00eas de junho, com uma s\u00e9rie de eventos. A programa\u00e7\u00e3o \u00e9 promovida pela Prefeitura de Jundia\u00ed, atrav\u00e9s da Unidade de Planejamento Urbano e Meio Ambiente (UGPUMA) e da Funda\u00e7\u00e3o Serra do Japi.<\/p>\n\n\n\n<p>Um dos eventos programados \u00e9 2\u00aa Confer\u00eancia pelo Clima entre Munic\u00edpios Vizinhos, no dia 07 de junho, que reunir\u00e1 representantes de Louveira, Vinhedo, Itatiba, Itupeva, Jarinu, Cabre\u00fava, Cajamar, V\u00e1rzea Paulista e Campo Limpo Paulista, al\u00e9m de Jundia\u00ed, para estabelecer a\u00e7\u00f5es conjuntas para o enfrentamento das mudan\u00e7as clim\u00e1ticas e seus efeitos sobre as cidades.<\/p>\n\n\n\n<p>Jundia\u00ed foi escolhida para sediar a 2\u00aa Confer\u00eancia pelo Clima ao final da primeira edi\u00e7\u00e3o do evento, realizada em 2022, em Louveira. Desta vez, al\u00e9m de aprofundar os debates sobre o tema, os munic\u00edpios assinar\u00e3o uma Carta de Compromisso ao final do dia de palestras e discuss\u00f5es.<\/p>\n\n\n<div class=\"wp-block-image\">\n<figure class=\"aligncenter size-large is-resized\"><img loading=\"lazy\" decoding=\"async\" src=\"https:\/\/tvtecjundiai.com.br\/news\/wp-content\/uploads\/sites\/2\/2023\/05\/dji_0927-1200x899.jpg\" alt=\"\" class=\"wp-image-109627\" width=\"734\" height=\"549\" srcset=\"https:\/\/tvtecjundiai.com.br\/news\/wp-content\/uploads\/sites\/2\/2023\/05\/dji_0927-1200x899.jpg 1200w, https:\/\/tvtecjundiai.com.br\/news\/wp-content\/uploads\/sites\/2\/2023\/05\/dji_0927-300x225.jpg 300w, https:\/\/tvtecjundiai.com.br\/news\/wp-content\/uploads\/sites\/2\/2023\/05\/dji_0927-768x575.jpg 768w, https:\/\/tvtecjundiai.com.br\/news\/wp-content\/uploads\/sites\/2\/2023\/05\/dji_0927.jpg 1280w\" sizes=\"auto, (max-width: 734px) 100vw, 734px\" \/><\/figure>\n<\/div>\n\n\n<p>\u201cSer\u00e1 um dia de refletir com os munic\u00edpios sobre o que cada um deles poder\u00e1 fazer para minimizar os impactos negativos das mudan\u00e7as clim\u00e1ticas, definindo um conjunto de a\u00e7\u00f5es coletivas a serem realizadas em curto e m\u00e9dio prazos, considerando o ano de 2030 como horizonte\u201d, afirmou o gestor da UGPUMA, Sin\u00e9sio Scarabello Filho.<\/p>\n\n\n\n<p>O primeiro evento previsto \u00e9 uma a\u00e7\u00e3o volunt\u00e1ria de limpeza nas cachoeiras da Serra do Japi, no pr\u00f3ximo domingo (28 de maio), a partir das 8h, com sa\u00edda do Centro de Refer\u00eancia em Educa\u00e7\u00e3o Ambiental (CREAM).<\/p>\n\n\n\n<p>Est\u00e3o programadas pelo menos 10 a\u00e7\u00f5es que tamb\u00e9m envolvem a sociedade civil e as escolas, como a exposi\u00e7\u00e3o de fotografias de alunos da Rede Municipal, a partir da pergunta: \u201cComo est\u00e1 a natureza no seu caminho entre a casa e a escola?\u201d, a partir do dia 12 de junho, e a visita dos estudantes da EMEB Nelson Brito \u00e0 Horta Urbana e ao Jardim de Chuva do Guanabara, no dia 01 de junho.<\/p>\n\n\n\n<p>\u201cA programa\u00e7\u00e3o do m\u00eas do Meio Ambiente traz v\u00e1rias oportunidade de aproxima\u00e7\u00e3o das pessoas para entender a complexidade e a import\u00e2ncia da preserva\u00e7\u00e3o ambiental, n\u00e3o s\u00f3 da \u00e1rea da Serra do Japi e do ambiente mais pr\u00f3ximo de onde a gente vive, mas de ambientes mais distantes tamb\u00e9m. Passando pela quest\u00e3o da Educa\u00e7\u00e3o Ambiental, do empreendedorismo com sustentabilidade e da import\u00e2ncia da pesquisa, com a participa\u00e7\u00e3o da sociedade civil\u201d, lembra a superintendente da Funda\u00e7\u00e3o Serra do Japi, V\u00e2nia Plaza Nunes.<\/p>\n\n\n<div class=\"wp-block-image\">\n<figure class=\"aligncenter size-full is-resized\"><img loading=\"lazy\" decoding=\"async\" src=\"https:\/\/tvtecjundiai.com.br\/news\/wp-content\/uploads\/sites\/2\/2023\/05\/2-semana-do-meio-ambiente-2023_programacao-geral-960x960-1.png\" alt=\"\" class=\"wp-image-109628\" width=\"728\" height=\"728\" srcset=\"https:\/\/tvtecjundiai.com.br\/news\/wp-content\/uploads\/sites\/2\/2023\/05\/2-semana-do-meio-ambiente-2023_programacao-geral-960x960-1.png 960w, https:\/\/tvtecjundiai.com.br\/news\/wp-content\/uploads\/sites\/2\/2023\/05\/2-semana-do-meio-ambiente-2023_programacao-geral-960x960-1-300x300.png 300w, https:\/\/tvtecjundiai.com.br\/news\/wp-content\/uploads\/sites\/2\/2023\/05\/2-semana-do-meio-ambiente-2023_programacao-geral-960x960-1-100x100.png 100w, https:\/\/tvtecjundiai.com.br\/news\/wp-content\/uploads\/sites\/2\/2023\/05\/2-semana-do-meio-ambiente-2023_programacao-geral-960x960-1-768x768.png 768w\" sizes=\"auto, (max-width: 728px) 100vw, 728px\" \/><\/figure>\n<\/div>\n\n\n<p><strong><em>Fonte \/ Imagem: Prefeitura de Jundia\u00ed<\/em><\/strong><\/p>\n","protected":false},"excerpt":{"rendered":"<p>Jundia\u00ed foi escolhida para sediar a 2\u00aa Confer\u00eancia pelo Clima ao final da primeira edi\u00e7\u00e3o do evento<\/p>\n","protected":false},"author":30,"featured_media":109627,"comment_status":"closed","ping_status":"0","sticky":false,"template":"","format":"standard","meta":{"footnotes":""},"categories":[8356,1],"tags":[],"class_list":["post-109626","post","type-post","status-publish","format-standard","has-post-thumbnail","hentry","category-jundiai","category-noticias"],"_links":{"self":[{"href":"https:\/\/tvtecjundiai.com.br\/news\/wp-json\/wp\/v2\/posts\/109626","targetHints":{"allow":["GET"]}}],"collection":[{"href":"https:\/\/tvtecjundiai.com.br\/news\/wp-json\/wp\/v2\/posts"}],"about":[{"href":"https:\/\/tvtecjundiai.com.br\/news\/wp-json\/wp\/v2\/types\/post"}],"author":[{"embeddable":true,"href":"https:\/\/tvtecjundiai.com.br\/news\/wp-json\/wp\/v2\/users\/30"}],"replies":[{"embeddable":true,"href":"https:\/\/tvtecjundiai.com.br\/news\/wp-json\/wp\/v2\/comments?post=109626"}],"version-history":[{"count":1,"href":"https:\/\/tvtecjundiai.com.br\/news\/wp-json\/wp\/v2\/posts\/109626\/revisions"}],"predecessor-version":[{"id":109630,"href":"https:\/\/tvtecjundiai.com.br\/news\/wp-json\/wp\/v2\/posts\/109626\/revisions\/109630"}],"wp:featuredmedia":[{"embeddable":true,"href":"https:\/\/tvtecjundiai.com.br\/news\/wp-json\/wp\/v2\/media\/109627"}],"wp:attachment":[{"href":"https:\/\/tvtecjundiai.com.br\/news\/wp-json\/wp\/v2\/media?parent=109626"}],"wp:term":[{"taxonomy":"category","embeddable":true,"href":"https:\/\/tvtecjundiai.com.br\/news\/wp-json\/wp\/v2\/categories?post=109626"},{"taxonomy":"post_tag","embeddable":true,"href":"https:\/\/tvtecjundiai.com.br\/news\/wp-json\/wp\/v2\/tags?post=109626"}],"curies":[{"name":"wp","href":"https:\/\/api.w.org\/{rel}","templated":true}]}}