{"id":109636,"date":"2023-05-24T14:10:11","date_gmt":"2023-05-24T17:10:11","guid":{"rendered":"https:\/\/tvtecjundiai.com.br\/news\/?p=109636"},"modified":"2023-05-24T14:10:13","modified_gmt":"2023-05-24T17:10:13","slug":"grendacc-realiza-bazar-especial-de-noivas-e-roupas-de-festa-de-25-a-27-de-maio","status":"publish","type":"post","link":"https:\/\/tvtecjundiai.com.br\/news\/2023\/05\/24\/grendacc-realiza-bazar-especial-de-noivas-e-roupas-de-festa-de-25-a-27-de-maio\/","title":{"rendered":"Grendacc realiza Bazar Especial de Noivas e Roupas de Festa de 25 a 27 de maio"},"content":{"rendered":"\n<p>De 25 a 27 de maio, das 9h \u00e0s 16h, o Grendacc estar\u00e1 no Espa\u00e7o Bazar de Marcas com o Bazar Especial de Noivas e Roupas de Festa. Estar\u00e3o \u00e0 venda vestidos de noivas, damas de honra e madrinhas, al\u00e9m de ternos e camisas. Tamb\u00e9m ser\u00e3o vendidos sapatos femininos, masculinos e infantis e acess\u00f3rios.<\/p>\n\n\n\n<p>Toda a renda arrecadada no bazar \u00e9 revertida ao Hospital da Crian\u00e7a do Grendacc.<\/p>\n\n\n\n<p>O Espa\u00e7o Bazar de Marcas fica na rua Ol\u00edvio Boa, equina com a av. Dr. Manoel Ildefonso Archer de Castilho, Parque da Represa.<\/p>\n\n\n<div class=\"wp-block-image\">\n<figure class=\"aligncenter size-full is-resized\"><img loading=\"lazy\" decoding=\"async\" src=\"https:\/\/tvtecjundiai.com.br\/news\/wp-content\/uploads\/sites\/2\/2023\/05\/vestido-de-noiva.jpg\" alt=\"\" class=\"wp-image-109654\" width=\"672\" height=\"425\" srcset=\"https:\/\/tvtecjundiai.com.br\/news\/wp-content\/uploads\/sites\/2\/2023\/05\/vestido-de-noiva.jpg 733w, https:\/\/tvtecjundiai.com.br\/news\/wp-content\/uploads\/sites\/2\/2023\/05\/vestido-de-noiva-300x190.jpg 300w\" sizes=\"auto, (max-width: 672px) 100vw, 672px\" \/><\/figure>\n<\/div>\n\n\n<p><\/p>\n\n\n\n<p><em><strong>(Fonte: TVTEC Jundia\u00ed\/Imagem: Grendacc Jundia\u00ed)<\/strong><\/em><\/p>\n","protected":false},"excerpt":{"rendered":"<p>Toda a renda arrecadada no bazar \u00e9 revertida ao Hospital da Crian\u00e7a<\/p>\n","protected":false},"author":30,"featured_media":109654,"comment_status":"closed","ping_status":"0","sticky":false,"template":"","format":"standard","meta":{"footnotes":""},"categories":[8356,1],"tags":[],"class_list":["post-109636","post","type-post","status-publish","format-standard","has-post-thumbnail","hentry","category-jundiai","category-noticias"],"_links":{"self":[{"href":"https:\/\/tvtecjundiai.com.br\/news\/wp-json\/wp\/v2\/posts\/109636","targetHints":{"allow":["GET"]}}],"collection":[{"href":"https:\/\/tvtecjundiai.com.br\/news\/wp-json\/wp\/v2\/posts"}],"about":[{"href":"https:\/\/tvtecjundiai.com.br\/news\/wp-json\/wp\/v2\/types\/post"}],"author":[{"embeddable":true,"href":"https:\/\/tvtecjundiai.com.br\/news\/wp-json\/wp\/v2\/users\/30"}],"replies":[{"embeddable":true,"href":"https:\/\/tvtecjundiai.com.br\/news\/wp-json\/wp\/v2\/comments?post=109636"}],"version-history":[{"count":2,"href":"https:\/\/tvtecjundiai.com.br\/news\/wp-json\/wp\/v2\/posts\/109636\/revisions"}],"predecessor-version":[{"id":109655,"href":"https:\/\/tvtecjundiai.com.br\/news\/wp-json\/wp\/v2\/posts\/109636\/revisions\/109655"}],"wp:featuredmedia":[{"embeddable":true,"href":"https:\/\/tvtecjundiai.com.br\/news\/wp-json\/wp\/v2\/media\/109654"}],"wp:attachment":[{"href":"https:\/\/tvtecjundiai.com.br\/news\/wp-json\/wp\/v2\/media?parent=109636"}],"wp:term":[{"taxonomy":"category","embeddable":true,"href":"https:\/\/tvtecjundiai.com.br\/news\/wp-json\/wp\/v2\/categories?post=109636"},{"taxonomy":"post_tag","embeddable":true,"href":"https:\/\/tvtecjundiai.com.br\/news\/wp-json\/wp\/v2\/tags?post=109636"}],"curies":[{"name":"wp","href":"https:\/\/api.w.org\/{rel}","templated":true}]}}