{"id":109642,"date":"2023-05-24T14:03:32","date_gmt":"2023-05-24T17:03:32","guid":{"rendered":"https:\/\/tvtecjundiai.com.br\/news\/?p=109642"},"modified":"2023-05-24T14:03:33","modified_gmt":"2023-05-24T17:03:33","slug":"defesa-civil-abre-inscricoes-de-curso-de-capacitacao-para-operacao-estiagem","status":"publish","type":"post","link":"https:\/\/tvtecjundiai.com.br\/news\/2023\/05\/24\/defesa-civil-abre-inscricoes-de-curso-de-capacitacao-para-operacao-estiagem\/","title":{"rendered":"Defesa Civil abre inscri\u00e7\u00f5es de curso de capacita\u00e7\u00e3o para Opera\u00e7\u00e3o Estiagem"},"content":{"rendered":"\n<p>A Defesa Civil de Jundia\u00ed abriu inscri\u00e7\u00f5es para o curso de Capacita\u00e7\u00e3o para a Opera\u00e7\u00e3o Estiagem 2023, com foco no combate a inc\u00eandios durante a \u00e9poca mais seca do ano. Em um primeiro momento foram disponibilizadas 50 vagas para cada um dos dias \u2013 13 e 15 de junho. As inscri\u00e7\u00f5es ser\u00e3o feitas de forma gratuita, pela internet, por meio do formul\u00e1rio dispon\u00edvel&nbsp;<strong><a href=\"https:\/\/docs.google.com\/forms\/d\/e\/1FAIpQLSf-u3A8TDntjE_VS6XcoGTWp7-CX4zj5xwN3_2AXHJ5Ik4Prw\/viewform\" target=\"_blank\" rel=\"noreferrer noopener\">neste link<\/a><\/strong>. H\u00e1 possibilidade de novas datas serem abertas de acordo com a demanda.<\/p>\n\n\n\n<p>As aulas ser\u00e3o presenciais e ministradas na Fazenda Ermida, que fica no bairro do Medeiros. A oficina aperfei\u00e7oa os procedimentos de a\u00e7\u00e3o nas ocorr\u00eancias comuns nesta \u00e9poca de estiagem, que envolvem a baixa umidade relativa do ar possibilitando conhecimentos para uma atua\u00e7\u00e3o r\u00e1pida e de qualidade em caso de queimadas em vegeta\u00e7\u00e3o.<\/p>\n\n\n<div class=\"wp-block-image\">\n<figure class=\"aligncenter size-full\"><img loading=\"lazy\" decoding=\"async\" width=\"1160\" height=\"853\" src=\"https:\/\/tvtecjundiai.com.br\/news\/wp-content\/uploads\/sites\/2\/2023\/05\/treinacombate-1160x853-1.jpg\" alt=\"\" class=\"wp-image-109643\" srcset=\"https:\/\/tvtecjundiai.com.br\/news\/wp-content\/uploads\/sites\/2\/2023\/05\/treinacombate-1160x853-1.jpg 1160w, https:\/\/tvtecjundiai.com.br\/news\/wp-content\/uploads\/sites\/2\/2023\/05\/treinacombate-1160x853-1-300x221.jpg 300w, https:\/\/tvtecjundiai.com.br\/news\/wp-content\/uploads\/sites\/2\/2023\/05\/treinacombate-1160x853-1-768x565.jpg 768w\" sizes=\"auto, (max-width: 1160px) 100vw, 1160px\" \/><figcaption class=\"wp-element-caption\">Combate a inc\u00eandios \u00e9 tema de treinamento oferecido em Capacita\u00e7\u00e3o para a Opera\u00e7\u00e3o Estiagem 2023<\/figcaption><\/figure>\n<\/div>\n\n\n<p>A oficina ter\u00e1 participa\u00e7\u00e3o da Defesa Civil, Divis\u00e3o Florestal da Guarda Municipal, Corpo de Bombeiros e Unidade de Gest\u00e3o de Planejamento e Meio Ambiente (UGPUMA). Ser\u00e3o explicados os detalhes do Plano de Conting\u00eancia de Estiagem, a atua\u00e7\u00e3o da Guarda Municipal na preven\u00e7\u00e3o e combate aos inc\u00eandios, a lei que pro\u00edbe queimadas no munic\u00edpio e uma apresenta\u00e7\u00e3o te\u00f3rica sobre o tema e o treinamento pr\u00e1tico extin\u00e7\u00e3o de inc\u00eandio. A parte pr\u00e1tica ser\u00e1 dada pelo Corpo do Bombeiros.<\/p>\n\n\n\n<p>\u201cO curso faz parte do plano de a\u00e7\u00e3o que envolve toda a Opera\u00e7\u00e3o Estiagem deste ano. Compartilhar o conhecimento \u00e9 fundamental para reduzir os riscos de queimadas em \u00e1reas com maior incid\u00eancia nesta \u00e9poca mais seca do ano\u201d, comenta o coordenador da Defesa Civil de Jundia\u00ed, coronel Jo\u00e3o Os\u00f3rio Gimenez Germano.<\/p>\n\n\n\n<p>Ap\u00f3s a conclus\u00e3o do curso os participantes ganhar\u00e3o um certificado.<\/p>\n\n\n\n<p><strong><em>Fonte \/ Imagem: Prefeitura de Jundia\u00ed<\/em><\/strong><\/p>\n","protected":false},"excerpt":{"rendered":"<p>Combate a inc\u00eandios \u00e9 tema de treinamento oferecido em Capacita\u00e7\u00e3o para a Opera\u00e7\u00e3o Estiagem 2023<\/p>\n","protected":false},"author":30,"featured_media":109643,"comment_status":"closed","ping_status":"0","sticky":false,"template":"","format":"standard","meta":{"footnotes":""},"categories":[8356,1],"tags":[],"class_list":["post-109642","post","type-post","status-publish","format-standard","has-post-thumbnail","hentry","category-jundiai","category-noticias"],"_links":{"self":[{"href":"https:\/\/tvtecjundiai.com.br\/news\/wp-json\/wp\/v2\/posts\/109642","targetHints":{"allow":["GET"]}}],"collection":[{"href":"https:\/\/tvtecjundiai.com.br\/news\/wp-json\/wp\/v2\/posts"}],"about":[{"href":"https:\/\/tvtecjundiai.com.br\/news\/wp-json\/wp\/v2\/types\/post"}],"author":[{"embeddable":true,"href":"https:\/\/tvtecjundiai.com.br\/news\/wp-json\/wp\/v2\/users\/30"}],"replies":[{"embeddable":true,"href":"https:\/\/tvtecjundiai.com.br\/news\/wp-json\/wp\/v2\/comments?post=109642"}],"version-history":[{"count":1,"href":"https:\/\/tvtecjundiai.com.br\/news\/wp-json\/wp\/v2\/posts\/109642\/revisions"}],"predecessor-version":[{"id":109644,"href":"https:\/\/tvtecjundiai.com.br\/news\/wp-json\/wp\/v2\/posts\/109642\/revisions\/109644"}],"wp:featuredmedia":[{"embeddable":true,"href":"https:\/\/tvtecjundiai.com.br\/news\/wp-json\/wp\/v2\/media\/109643"}],"wp:attachment":[{"href":"https:\/\/tvtecjundiai.com.br\/news\/wp-json\/wp\/v2\/media?parent=109642"}],"wp:term":[{"taxonomy":"category","embeddable":true,"href":"https:\/\/tvtecjundiai.com.br\/news\/wp-json\/wp\/v2\/categories?post=109642"},{"taxonomy":"post_tag","embeddable":true,"href":"https:\/\/tvtecjundiai.com.br\/news\/wp-json\/wp\/v2\/tags?post=109642"}],"curies":[{"name":"wp","href":"https:\/\/api.w.org\/{rel}","templated":true}]}}