{"id":109645,"date":"2023-05-24T14:04:44","date_gmt":"2023-05-24T17:04:44","guid":{"rendered":"https:\/\/tvtecjundiai.com.br\/news\/?p=109645"},"modified":"2023-05-24T14:04:45","modified_gmt":"2023-05-24T17:04:45","slug":"jundiai-e-destaque-em-premio-inovacidade-2023","status":"publish","type":"post","link":"https:\/\/tvtecjundiai.com.br\/news\/2023\/05\/24\/jundiai-e-destaque-em-premio-inovacidade-2023\/","title":{"rendered":"Jundia\u00ed \u00e9 destaque em Pr\u00eamio InovaCidade 2023"},"content":{"rendered":"\n<p>Mais uma vez Jundia\u00ed recebe o Pr\u00eamio Inovacidade, promovido pela Smart City Business Brazil Congress (SCB-Br). A cerim\u00f4nia aconteceu na noite de ter\u00e7a \u2013 feira (23), no Centro Cultural S\u00e3o Paulo com a presen\u00e7a do prefeito de S\u00e3o Paulo, Ricardo Nunes. &nbsp;Em 2023 foram 106 inscri\u00e7\u00f5es, de 68 organiza\u00e7\u00f5es diferentes. Deste montante, 32 projetos a n\u00edvel nacional foram escolhidos, e Jundia\u00ed est\u00e1 entre eles.<\/p>\n\n\n\n<p>Al\u00e9m de premiado, o munic\u00edpio ficou entre os quatro projetos de destaques com a Implanta\u00e7\u00e3o do Software \u201cAlertas da Primeira Inf\u00e2ncia\u201d, plataforma que integra os dados de tr\u00eas \u00e1reas de governo e aproveita os cadastros das Unidades de Gest\u00e3o de Promo\u00e7\u00e3o da Sa\u00fade, de Educa\u00e7\u00e3o e de Assist\u00eancia e Desenvolvimento Social, apresentando as informa\u00e7\u00f5es sobre os servi\u00e7os utilizados e emitindo alertas que permitir\u00e3o a tomada de decis\u00f5es que v\u00e3o refletir no bem-estar da crian\u00e7a e da gestante. Ao todo, s\u00e3o 13 alertas que englobam as \u00e1reas de sa\u00fade, educa\u00e7\u00e3o e assist\u00eancia social, para crian\u00e7as de zero a nove anos. A iniciativa est\u00e1 inserida no Programa Cidade das Crian\u00e7as.<\/p>\n\n\n<div class=\"wp-block-image\">\n<figure class=\"aligncenter size-large\"><img loading=\"lazy\" decoding=\"async\" width=\"1200\" height=\"801\" src=\"https:\/\/tvtecjundiai.com.br\/news\/wp-content\/uploads\/sites\/2\/2023\/05\/jundiai-recebe-premio-de-inovacidade-smart-city-business-brazil-pelos-alertas-de-infancia_fm_-47-1280x854-1-1200x801.jpg\" alt=\"\" class=\"wp-image-109646\" srcset=\"https:\/\/tvtecjundiai.com.br\/news\/wp-content\/uploads\/sites\/2\/2023\/05\/jundiai-recebe-premio-de-inovacidade-smart-city-business-brazil-pelos-alertas-de-infancia_fm_-47-1280x854-1-1200x801.jpg 1200w, https:\/\/tvtecjundiai.com.br\/news\/wp-content\/uploads\/sites\/2\/2023\/05\/jundiai-recebe-premio-de-inovacidade-smart-city-business-brazil-pelos-alertas-de-infancia_fm_-47-1280x854-1-300x200.jpg 300w, https:\/\/tvtecjundiai.com.br\/news\/wp-content\/uploads\/sites\/2\/2023\/05\/jundiai-recebe-premio-de-inovacidade-smart-city-business-brazil-pelos-alertas-de-infancia_fm_-47-1280x854-1-768x512.jpg 768w, https:\/\/tvtecjundiai.com.br\/news\/wp-content\/uploads\/sites\/2\/2023\/05\/jundiai-recebe-premio-de-inovacidade-smart-city-business-brazil-pelos-alertas-de-infancia_fm_-47-1280x854-1.jpg 1280w\" sizes=\"auto, (max-width: 1200px) 100vw, 1200px\" \/><figcaption class=\"wp-element-caption\">Pr\u00eamio foi recebido pela equipe de gestores e articuladores da a\u00e7\u00e3o<br><\/figcaption><\/figure>\n<\/div>\n\n\n<p>\u201cA plataforma transforma o munic\u00edpio em um grande laborat\u00f3rio de verifica\u00e7\u00e3o dos impactos positivos das pol\u00edticas. Quanto mais a gente se antecipa no caso da primeira inf\u00e2ncia, mais a gente tem um ganho de qualidade do desenvolvimento destas crian\u00e7as\u201d, conclui o gestor de Governo e Finan\u00e7as, Jos\u00e9 Antonio Parimoschi.<\/p>\n\n\n\n<p>O gestor ainda aproveitou a cerim\u00f4nia e fez em sua fala um agradecimento especial. \u201cEssa iniciativa de Jundia\u00ed \u00e9 gra\u00e7as a Funda\u00e7\u00e3o Bernard Van Leer, parceiro no desenvolvimento da inf\u00e2ncia. A funda\u00e7\u00e3o trouxe o desenvolvimento desse sistema de alertas para Jundia\u00ed e n\u00f3s abra\u00e7amos como uma causa importante. Estamos tirando esse projeto do papel\u201d.<\/p>\n\n\n\n<p><strong><em>Fonte \/ Imagem: Prefeitura de Jundia\u00ed<\/em><\/strong><\/p>\n","protected":false},"excerpt":{"rendered":"<p>Pr\u00eamio foi recebido pela equipe de gestores e articuladores da a\u00e7\u00e3o<\/p>\n","protected":false},"author":30,"featured_media":109646,"comment_status":"closed","ping_status":"0","sticky":false,"template":"","format":"standard","meta":{"footnotes":""},"categories":[8356,1],"tags":[],"class_list":["post-109645","post","type-post","status-publish","format-standard","has-post-thumbnail","hentry","category-jundiai","category-noticias"],"_links":{"self":[{"href":"https:\/\/tvtecjundiai.com.br\/news\/wp-json\/wp\/v2\/posts\/109645","targetHints":{"allow":["GET"]}}],"collection":[{"href":"https:\/\/tvtecjundiai.com.br\/news\/wp-json\/wp\/v2\/posts"}],"about":[{"href":"https:\/\/tvtecjundiai.com.br\/news\/wp-json\/wp\/v2\/types\/post"}],"author":[{"embeddable":true,"href":"https:\/\/tvtecjundiai.com.br\/news\/wp-json\/wp\/v2\/users\/30"}],"replies":[{"embeddable":true,"href":"https:\/\/tvtecjundiai.com.br\/news\/wp-json\/wp\/v2\/comments?post=109645"}],"version-history":[{"count":1,"href":"https:\/\/tvtecjundiai.com.br\/news\/wp-json\/wp\/v2\/posts\/109645\/revisions"}],"predecessor-version":[{"id":109647,"href":"https:\/\/tvtecjundiai.com.br\/news\/wp-json\/wp\/v2\/posts\/109645\/revisions\/109647"}],"wp:featuredmedia":[{"embeddable":true,"href":"https:\/\/tvtecjundiai.com.br\/news\/wp-json\/wp\/v2\/media\/109646"}],"wp:attachment":[{"href":"https:\/\/tvtecjundiai.com.br\/news\/wp-json\/wp\/v2\/media?parent=109645"}],"wp:term":[{"taxonomy":"category","embeddable":true,"href":"https:\/\/tvtecjundiai.com.br\/news\/wp-json\/wp\/v2\/categories?post=109645"},{"taxonomy":"post_tag","embeddable":true,"href":"https:\/\/tvtecjundiai.com.br\/news\/wp-json\/wp\/v2\/tags?post=109645"}],"curies":[{"name":"wp","href":"https:\/\/api.w.org\/{rel}","templated":true}]}}