{"id":109662,"date":"2023-05-24T15:06:28","date_gmt":"2023-05-24T18:06:28","guid":{"rendered":"https:\/\/tvtecjundiai.com.br\/news\/?p=109662"},"modified":"2023-05-24T15:06:29","modified_gmt":"2023-05-24T18:06:29","slug":"sebrae-sp-oferece-programa-de-capacitacao-gratuito-para-pequenos-negocios-de-moda-na-regiao-de-jundiai","status":"publish","type":"post","link":"https:\/\/tvtecjundiai.com.br\/news\/2023\/05\/24\/sebrae-sp-oferece-programa-de-capacitacao-gratuito-para-pequenos-negocios-de-moda-na-regiao-de-jundiai\/","title":{"rendered":"Sebrae-SP oferece programa de capacita\u00e7\u00e3o gratuito para pequenos neg\u00f3cios de moda na regi\u00e3o de Jundia\u00ed"},"content":{"rendered":"\n<p>Os \u00faltimos dois anos foram muito desafiadores e v\u00e1rias mudan\u00e7as ocorreram para o segmento de moda, principalmente por conta das novidades no digital. Pensando nisso, o Sebrae-SP preparou uma trilha de capacita\u00e7\u00e3o com foco em gest\u00e3o e vendas para o varejo da moda em Jundia\u00ed e regi\u00e3o. O Programa Sebrae Neg\u00f3cios da Moda ser\u00e1 realizado de forma on-line nos dias 5, 6 e 12 de junho, das 19h \u00e0s 21h. Ao todo s\u00e3o 50 vagas.<\/p>\n\n\n\n<p>No primeiro dia de evento (5 de junho), o tema do encontro ser\u00e1 &#8220;Moda como ferramenta de autoestima: a moda que vende, com Fran Galv\u00e3o&#8221;. Fran \u00e9 influencer, correspondente da revista JL Social, do jornal O Vale e foi apresentadora do quadro \u201cBeleza em Dia\u201d do programa Manh\u00e3 Leve, da TV Aparecida. \u00c9 tamb\u00e9m consultora de imagem e participa dos principais eventos de moda nacionais e internacionais.<\/p>\n\n\n<div class=\"wp-block-image\">\n<figure class=\"aligncenter size-full\"><img loading=\"lazy\" decoding=\"async\" width=\"614\" height=\"407\" src=\"https:\/\/tvtecjundiai.com.br\/news\/wp-content\/uploads\/sites\/2\/2023\/05\/moda-loja.jpg\" alt=\"\" class=\"wp-image-109663\" srcset=\"https:\/\/tvtecjundiai.com.br\/news\/wp-content\/uploads\/sites\/2\/2023\/05\/moda-loja.jpg 614w, https:\/\/tvtecjundiai.com.br\/news\/wp-content\/uploads\/sites\/2\/2023\/05\/moda-loja-300x199.jpg 300w\" sizes=\"auto, (max-width: 614px) 100vw, 614px\" \/><\/figure>\n<\/div>\n\n\n<p><\/p>\n\n\n\n<p>No segundo dia (6 de junho) ser\u00e1 a vez do tema &#8220;Gest\u00e3o financeira para o varejo da moda&#8221;, seguido, no dia 12, pelo tema &#8220;Como fazer sua conta e v\u00eddeos no TikTok para atrair mais clientes&#8221;. Todas as pessoas que conclu\u00edrem 75% das atividades e pertencerem a alguma das 18 cidades da regi\u00e3o poder\u00e3o participar de mais oito horas de capacita\u00e7\u00e3o com o curso &#8220;T\u00e9cnicas de vendas consultivas&#8221;, ministrado pelo Senac, al\u00e9m de duas horas de consultoria individual para o neg\u00f3cio com o Sebrae-SP.<\/p>\n\n\n\n<p>Podem participar pequenos neg\u00f3cios da moda dos munic\u00edpios de Jundia\u00ed, Bragan\u00e7a Paulista, Cabre\u00fava, Caieiras, Cajamar, Campo Limpo Paulista, Francisco Morato, Franco da Rocha, Itatiba, Itupeva, Jarinu, Louveira, Morungaba, Pedra Bela, Pinhalzinho, Tuiuti, Vargem e V\u00e1rzea Paulista. As inscri\u00e7\u00f5es podem ser feitas at\u00e9 o dia 2 de junho pela\u00a0<a rel=\"noreferrer noopener\" href=\"https:\/\/s2305.imxsnd22.com\/link.php?code=bDpodHRwcyUzQSUyRiUyRmZvcm1zLm9mZmljZS5jb20lMkZwYWdlcyUyRnJlc3BvbnNlcGFnZS5hc3B4JTNGaWQlM0RYTFZnYlhZbFlFMnVNeEhmRHFCNWd6a2Z2Q0txRi0xRWxSdFJzczJwZXdaVU9ETk1WMVpOV0U1UFNGWTVRMWd5VGxOWVNGTXlNVGt4Tnk0dTozMjQ5NjcwNjAzOmFrbGlua2VAdHZ0ZWNqdW5kaWFpLmNvbS5icjphZTB%0DmMzE6NDg=\" target=\"_blank\">internet<\/a>. Mais informa\u00e7\u00f5es pelo telefone (11) 4523-4481.\u00a0<\/p>\n\n\n\n<p><strong>Programa Sebrae Neg\u00f3cios da Moda<\/strong><\/p>\n\n\n\n<p>Datas: 5, 6 e 12 de junho<\/p>\n\n\n\n<p>Hor\u00e1rio: das 19h \u00e0s 21h<\/p>\n\n\n\n<p>Inscri\u00e7\u00f5es gratuitas:&nbsp;<a href=\"https:\/\/s2305.imxsnd22.com\/link.php?code=bDpodHRwcyUzQSUyRiUyRmZvcm1zLm9mZmljZS5jb20lMkZwYWdlcyUyRnJlc3BvbnNlcGFnZS5hc3B4JTNGaWQlM0RYTFZnYlhZbFlFMnVNeEhmRHFCNWd6a2Z2Q0txRi0xRWxSdFJzczJwZXdaVU9ETk1WMVpOV0U1UFNGWTVRMWd5VGxOWVNGTXlNVGt4Tnk0dTozMjQ5NjcwNjAzOmFrbGlua2VAdHZ0ZWNqdW5kaWFpLmNvbS5icjphZTB%0DmMzE6NDg=\" target=\"_blank\" rel=\"noreferrer noopener\">Link<\/a>&nbsp;<\/p>\n\n\n\n<p>Mais informa\u00e7\u00f5es: (11) 4523-4481<\/p>\n\n\n\n<p><em><strong>(Fonte: Assessoria Sebrae-SP\/Imagem: Canva)<\/strong><\/em><\/p>\n","protected":false},"excerpt":{"rendered":"<p>O Programa Sebrae Neg\u00f3cios da Moda ser\u00e1 realizado de forma on-line nos dias 5, 6 e 12 de junho<\/p>\n","protected":false},"author":30,"featured_media":109663,"comment_status":"closed","ping_status":"0","sticky":false,"template":"","format":"standard","meta":{"footnotes":""},"categories":[8362,8356,1],"tags":[],"class_list":["post-109662","post","type-post","status-publish","format-standard","has-post-thumbnail","hentry","category-empreendedorismo","category-jundiai","category-noticias"],"_links":{"self":[{"href":"https:\/\/tvtecjundiai.com.br\/news\/wp-json\/wp\/v2\/posts\/109662","targetHints":{"allow":["GET"]}}],"collection":[{"href":"https:\/\/tvtecjundiai.com.br\/news\/wp-json\/wp\/v2\/posts"}],"about":[{"href":"https:\/\/tvtecjundiai.com.br\/news\/wp-json\/wp\/v2\/types\/post"}],"author":[{"embeddable":true,"href":"https:\/\/tvtecjundiai.com.br\/news\/wp-json\/wp\/v2\/users\/30"}],"replies":[{"embeddable":true,"href":"https:\/\/tvtecjundiai.com.br\/news\/wp-json\/wp\/v2\/comments?post=109662"}],"version-history":[{"count":1,"href":"https:\/\/tvtecjundiai.com.br\/news\/wp-json\/wp\/v2\/posts\/109662\/revisions"}],"predecessor-version":[{"id":109664,"href":"https:\/\/tvtecjundiai.com.br\/news\/wp-json\/wp\/v2\/posts\/109662\/revisions\/109664"}],"wp:featuredmedia":[{"embeddable":true,"href":"https:\/\/tvtecjundiai.com.br\/news\/wp-json\/wp\/v2\/media\/109663"}],"wp:attachment":[{"href":"https:\/\/tvtecjundiai.com.br\/news\/wp-json\/wp\/v2\/media?parent=109662"}],"wp:term":[{"taxonomy":"category","embeddable":true,"href":"https:\/\/tvtecjundiai.com.br\/news\/wp-json\/wp\/v2\/categories?post=109662"},{"taxonomy":"post_tag","embeddable":true,"href":"https:\/\/tvtecjundiai.com.br\/news\/wp-json\/wp\/v2\/tags?post=109662"}],"curies":[{"name":"wp","href":"https:\/\/api.w.org\/{rel}","templated":true}]}}