{"id":109669,"date":"2023-05-24T16:33:38","date_gmt":"2023-05-24T19:33:38","guid":{"rendered":"https:\/\/tvtecjundiai.com.br\/news\/?p=109669"},"modified":"2023-05-24T16:33:39","modified_gmt":"2023-05-24T19:33:39","slug":"dae-debate-sobre-economia-verde-e-esg-no-smart-city","status":"publish","type":"post","link":"https:\/\/tvtecjundiai.com.br\/news\/2023\/05\/24\/dae-debate-sobre-economia-verde-e-esg-no-smart-city\/","title":{"rendered":"DAE debate sobre Economia Verde e ESG, no Smart City"},"content":{"rendered":"\n<p>O diretor superintendente de Gest\u00e3o da DAE Jundia\u00ed, Evandro Biancarelli, participou, nesta quarta-feira (24), do primeiro dia de debates do Smart City Business, evento que segue at\u00e9 amanh\u00e3 (25), em S\u00e3o Paulo. Representantes da Prefeitura de Jundia\u00ed tamb\u00e9m foram convidados.<\/p>\n\n\n\n<p>\u201cO Desenvolvimento Econ\u00f4mico Sustent\u00e1vel acelerando Cidades Inteligentes: Economia Verde e ESG\u201d foi o tema da reuni\u00e3o, que contou com as presen\u00e7as de especialistas na \u00e1rea do setor privado e da secret\u00e1ria de Desenvolvimento Econ\u00f4mico, Ci\u00eancia, Tecnologia e Inova\u00e7\u00e3o de Recife, Joana Flor\u00eancio.<\/p>\n\n\n\n<p>Representando a DAE, Biancarelli compartilhou a experi\u00eancia da empresa na formula\u00e7\u00e3o de Relat\u00f3rios de Sustentabilidade \u2013 j\u00e1 h\u00e1 dois publicados e mais um em fase de produ\u00e7\u00e3o \u2013 e em programas como o \u00c1guas de Jundia\u00ed, que ensina \u00e0s crian\u00e7as e grupos como funciona o saneamento na cidade. Al\u00e9m disso, neste momento, as lideran\u00e7as da DAE participam de um curso sobre ESG, com o objetivo de expandir este conhecimento.<\/p>\n\n\n<div class=\"wp-block-image\">\n<figure class=\"aligncenter size-large\"><img loading=\"lazy\" decoding=\"async\" width=\"1200\" height=\"900\" src=\"https:\/\/tvtecjundiai.com.br\/news\/wp-content\/uploads\/sites\/2\/2023\/05\/smart-dae1-2-1280x960-1-1200x900.jpeg\" alt=\"\" class=\"wp-image-109670\" srcset=\"https:\/\/tvtecjundiai.com.br\/news\/wp-content\/uploads\/sites\/2\/2023\/05\/smart-dae1-2-1280x960-1-1200x900.jpeg 1200w, https:\/\/tvtecjundiai.com.br\/news\/wp-content\/uploads\/sites\/2\/2023\/05\/smart-dae1-2-1280x960-1-300x225.jpeg 300w, https:\/\/tvtecjundiai.com.br\/news\/wp-content\/uploads\/sites\/2\/2023\/05\/smart-dae1-2-1280x960-1-768x576.jpeg 768w, https:\/\/tvtecjundiai.com.br\/news\/wp-content\/uploads\/sites\/2\/2023\/05\/smart-dae1-2-1280x960-1.jpeg 1280w\" sizes=\"auto, (max-width: 1200px) 100vw, 1200px\" \/><figcaption class=\"wp-element-caption\">Encontro sobre tecnologias e cidades inteligentes \u00e9 realizado em S\u00e3o Paulo<\/figcaption><\/figure>\n<\/div>\n\n\n<p>\u201cAo participar desta mesa de reuni\u00e3o, tive a chance de aprender mais sobre o tema, pela \u00f3tica do setor privado, p\u00fablico e sociedade, al\u00e9m de apresentar os avan\u00e7os da DAE, cuja meta \u00e9 que o ESG seja adotado como pr\u00e1tica de gest\u00e3o\u201d, disse Biancarelli.<\/p>\n\n\n\n<p>De acordo com os organizadores, a Carta Brasileira para Cidades Inteligentes, refer\u00eancia internacional de marco conceitual, estabelece que \u201ccidades inteligentes s\u00e3o cidades comprometidas com o desenvolvimento urbano e a transforma\u00e7\u00e3o digital sustent\u00e1veis\u201d. \u201cAlinhados com as pol\u00edticas p\u00fablicas adotadas pela Prefeitura de Jundia\u00ed, a DAE vai contribuir para a formaliza\u00e7\u00e3o destes processos\u201d, concluiu o superintendente.<\/p>\n\n\n\n<p><em><strong>Fonte \/ Imagem: Prefeitura de Jundia\u00ed<\/strong><\/em><\/p>\n","protected":false},"excerpt":{"rendered":"<p>Encontro sobre tecnologias e cidades inteligentes \u00e9 realizado em S\u00e3o Paulo<\/p>\n","protected":false},"author":30,"featured_media":109670,"comment_status":"closed","ping_status":"0","sticky":false,"template":"","format":"standard","meta":{"footnotes":""},"categories":[8356,1],"tags":[],"class_list":["post-109669","post","type-post","status-publish","format-standard","has-post-thumbnail","hentry","category-jundiai","category-noticias"],"_links":{"self":[{"href":"https:\/\/tvtecjundiai.com.br\/news\/wp-json\/wp\/v2\/posts\/109669","targetHints":{"allow":["GET"]}}],"collection":[{"href":"https:\/\/tvtecjundiai.com.br\/news\/wp-json\/wp\/v2\/posts"}],"about":[{"href":"https:\/\/tvtecjundiai.com.br\/news\/wp-json\/wp\/v2\/types\/post"}],"author":[{"embeddable":true,"href":"https:\/\/tvtecjundiai.com.br\/news\/wp-json\/wp\/v2\/users\/30"}],"replies":[{"embeddable":true,"href":"https:\/\/tvtecjundiai.com.br\/news\/wp-json\/wp\/v2\/comments?post=109669"}],"version-history":[{"count":1,"href":"https:\/\/tvtecjundiai.com.br\/news\/wp-json\/wp\/v2\/posts\/109669\/revisions"}],"predecessor-version":[{"id":109671,"href":"https:\/\/tvtecjundiai.com.br\/news\/wp-json\/wp\/v2\/posts\/109669\/revisions\/109671"}],"wp:featuredmedia":[{"embeddable":true,"href":"https:\/\/tvtecjundiai.com.br\/news\/wp-json\/wp\/v2\/media\/109670"}],"wp:attachment":[{"href":"https:\/\/tvtecjundiai.com.br\/news\/wp-json\/wp\/v2\/media?parent=109669"}],"wp:term":[{"taxonomy":"category","embeddable":true,"href":"https:\/\/tvtecjundiai.com.br\/news\/wp-json\/wp\/v2\/categories?post=109669"},{"taxonomy":"post_tag","embeddable":true,"href":"https:\/\/tvtecjundiai.com.br\/news\/wp-json\/wp\/v2\/tags?post=109669"}],"curies":[{"name":"wp","href":"https:\/\/api.w.org\/{rel}","templated":true}]}}